{"id":1791,"date":"2021-12-10T12:18:41","date_gmt":"2021-12-10T12:18:41","guid":{"rendered":"https:\/\/learngen.eu\/?p=1791"},"modified":"2021-12-10T12:18:41","modified_gmt":"2021-12-10T12:18:41","slug":"velhos-sao-os-trapos","status":"publish","type":"post","link":"https:\/\/learngen.eu\/pt-pt\/2021\/12\/10\/velhos-sao-os-trapos\/","title":{"rendered":"Velhos s\u00e3o os Trapos!"},"content":{"rendered":"<div class=\"uk-padding-remove-top uk-section-default uk-section\" uk-scrollspy=\"target: [uk-scrollspy-class]; cls: uk-animation-fade; delay: 200;\">\n<div class=\"uk-container\">\n<div class=\"tm-grid-expand uk-child-width-1-1 uk-grid-margin uk-grid uk-grid-stack\" uk-grid=\"\">\n<div class=\"uk-first-column\">\n<h2 class=\"uk-h2 uk-scrollspy-inview uk-animation-fade\" uk-scrollspy-class=\"\" style=\"\">\n<p><strong>Velhos s\u00e3o os Trapos!<\/strong><\/p>\n<\/h2>\n<div class=\"uk-margin uk-text-center uk-scrollspy-inview uk-animation-fade\" uk-scrollspy-class=\"\" style=\"\">\n        <img decoding=\"async\" class=\"el-image\" alt=\"\" data-src=\"https:\/\/learngen.eu\/wp-admin\/admin-ajax.php?p=image&amp;action=kernel&amp;src=WyJ3cC1jb250ZW50XC91cGxvYWRzXC8yMDIxXC8xMlwvcHQxSW1nLXNjYWxlZC5qcGciLFtbImRvUmVzaXplIixbNDUwLDMwMCw0NTAsMzAwXV1dXQ%3D%3D&amp;hash=642bd3ef2a387f318c4b74cb0c2ff3b7\" data-srcset=\"https:\/\/learngen.eu\/wp-admin\/admin-ajax.php?p=image&amp;action=kernel&amp;src=WyJ3cC1jb250ZW50XC91cGxvYWRzXC8yMDIxXC8xMlwvcHQxSW1nLXNjYWxlZC5qcGciLFtbImRvUmVzaXplIixbNDUwLDMwMCw0NTAsMzAwXV1dXQ%3D%3D&amp;hash=642bd3ef2a387f318c4b74cb0c2ff3b7 450w, https:\/\/learngen.eu\/wp-admin\/admin-ajax.php?p=image&amp;action=kernel&amp;src=WyJ3cC1jb250ZW50XC91cGxvYWRzXC8yMDIxXC8xMlwvcHQxSW1nLXNjYWxlZC5qcGciLFtbImRvUmVzaXplIixbNzY4LDUxMiw3NjgsNTEyXV0sWyJkb0Nyb3AiLFs3NjgsNTEyLDAsMF1dXV0%3D&amp;hash=22179982cb0397d88431c0b3a1ff8a95 768w, https:\/\/learngen.eu\/wp-admin\/admin-ajax.php?p=image&amp;action=kernel&amp;src=WyJ3cC1jb250ZW50XC91cGxvYWRzXC8yMDIxXC8xMlwvcHQxSW1nLXNjYWxlZC5qcGciLFtbImRvUmVzaXplIixbOTAwLDYwMCw5MDAsNjAwXV0sWyJkb0Nyb3AiLFs5MDAsNjAwLDAsMF1dXV0%3D&amp;hash=86b6b6ae03cd15baa1cd76415a66512d 900w\" data-sizes=\"(min-width: 450px) 450px\" data-width=\"450\" data-height=\"300\" uk-img=\"\" src=\"https:\/\/learngen.eu\/wp-admin\/admin-ajax.php?p=image&amp;action=kernel&amp;src=WyJ3cC1jb250ZW50XC91cGxvYWRzXC8yMDIxXC8xMlwvcHQxSW1nLXNjYWxlZC5qcGciLFtbImRvUmVzaXplIixbNDUwLDMwMCw0NTAsMzAwXV1dXQ%3D%3D&amp;hash=642bd3ef2a387f318c4b74cb0c2ff3b7\" sizes=\"(min-width: 450px) 450px\" srcset=\"https:\/\/learngen.eu\/wp-admin\/admin-ajax.php?p=image&amp;action=kernel&amp;src=WyJ3cC1jb250ZW50XC91cGxvYWRzXC8yMDIxXC8xMlwvcHQxSW1nLXNjYWxlZC5qcGciLFtbImRvUmVzaXplIixbNDUwLDMwMCw0NTAsMzAwXV1dXQ%3D%3D&amp;hash=642bd3ef2a387f318c4b74cb0c2ff3b7 450w, https:\/\/learngen.eu\/wp-admin\/admin-ajax.php?p=image&amp;action=kernel&amp;src=WyJ3cC1jb250ZW50XC91cGxvYWRzXC8yMDIxXC8xMlwvcHQxSW1nLXNjYWxlZC5qcGciLFtbImRvUmVzaXplIixbNzY4LDUxMiw3NjgsNTEyXV0sWyJkb0Nyb3AiLFs3NjgsNTEyLDAsMF1dXV0%3D&amp;hash=22179982cb0397d88431c0b3a1ff8a95 768w, https:\/\/learngen.eu\/wp-admin\/admin-ajax.php?p=image&amp;action=kernel&amp;src=WyJ3cC1jb250ZW50XC91cGxvYWRzXC8yMDIxXC8xMlwvcHQxSW1nLXNjYWxlZC5qcGciLFtbImRvUmVzaXplIixbOTAwLDYwMCw5MDAsNjAwXV0sWyJkb0Nyb3AiLFs5MDAsNjAwLDAsMF1dXV0%3D&amp;hash=86b6b6ae03cd15baa1cd76415a66512d 900w\">    <\/p>\n<\/div>\n<div class=\"uk-panel uk-margin uk-scrollspy-inview uk-animation-fade\" uk-scrollspy-class=\"\" style=\"\">\n<p>Se disser a uma pessoa conhecida \u201cest\u00e1s velho\u201d \u00e9 muito prov\u00e1vel que oi\u00e7a esta resposta: \u201cVelhos s\u00e3o os trapos\u201d. Velhos s\u00e3o os trapos porque as pessoas n\u00e3o envelhecem, diz-se.<\/p>\n<p>A evolu\u00e7\u00e3o da ci\u00eancia e da medicina permite-nos viver mais anos com sa\u00fade e qualidade de vida, fazendo com que seja poss\u00edvel mantermos a esfera privada (fam\u00edlia, lar e escola) e a esfera p\u00fablica (trabalho e vida social) ativas por mais tempo.<\/p>\n<p>Porque vivemos at\u00e9 mais tarde os governos viram-se obrigados a alargar a idade da reforma, a fim de assegurar as pens\u00f5es de quem por aqui fica numa vida mais grisalha, mas nem por isso menos interessante.<\/p>\n<p>Tamb\u00e9m o privado e a sociedade civil criam cada vez mais condi\u00e7\u00f5es para que as pessoas se possam sentir integradas, continuando a criar valor nas organiza\u00e7\u00f5es e na sociedade em geral. Desta forma a diferen\u00e7a entre gera\u00e7\u00f5es ser\u00e1 cada vez menos sentida uma vez que todos colaboram, de acordo com as suas compet\u00eancias, para o bem comum.<\/p>\n<p>Em Portugal testemunhamos cada vez mais casos pr\u00e1ticos de experi\u00eancias que procuram, por um lado, fazer o <em>upskilling e\/ou reskilling<\/em> de trabalhadores seniores, ao mesmo tempo que favorecem a intergeracionalidade nos locais de trabalho.<\/p>\n<p>A <span><a href=\"https:\/\/casadoimpacto.scml.pt\/\">Casa do Impacto<\/a><\/span>, \u00e9 um programa da Santa Casa da Miseric\u00f3rdia de Lisboa (SCML)&nbsp; cujo prop\u00f3sito \u00e9 contribuir para a cria\u00e7\u00e3o de Impacto Social positivo na comunidade. Esta criou o projeto <span><a href=\"https:\/\/55mais.pt\/\">55+<\/a><\/span> que proporciona uma vida ativa a todos aqueles que com mais de 55 anos de idade querem ocupar-se e \/ou p\u00f4r os seus talentos ao servi\u00e7o da sociedade.<\/p>\n<p>Se para muitos, dizem, a idade pode ser um impedimento para uma vida mais ativa e saud\u00e1vel, para o <span><a href=\"https:\/\/55mais.pt\/\">55+<\/a><\/span>, \u00e9 uma excelente oportunidade para fazer algo de que se gosta e que pode ser \u00fatil para a comunidade.<\/p>\n<p>Deste modo, o projeto cria uma plataforma de servi\u00e7os agrupados em quatro val\u00eancias \u2014acompanhamento, casa, aulas, repara\u00e7\u00f5es\u2014 onde pessoas com mais de 55 anos prestam servi\u00e7os t\u00e3o diversos com acompanhar um idoso a uma consulta, dar aulas de m\u00fasica, passar a ferro, dar explica\u00e7\u00f5es a jovens, passear e cuidar de c\u00e3es, entre outras ofertas dispon\u00edveis. Basta ir ao site escolher o servi\u00e7o que pretende e preencher um breve formul\u00e1rio tendo em vista um posterior contacto por parte do <span><a href=\"https:\/\/55mais.pt\/\">55+<\/a><\/span>.<\/p>\n<p>Outra boa pr\u00e1tica \u00e9 o <span><a href=\"https:\/\/cincopontozero.pt\/index.html\">empreendedorismo 5.0<\/a><\/span> um projeto do Instituto Pedro Nunes (IPN) em Coimbra, um programa de forma\u00e7\u00e3o e mentoria \u2014que conta na sua pr\u00f3pria equipa com um grupo intergeracional de formadores\u2014 que d\u00e1 forma\u00e7\u00e3o e mentoria em empreendedorismo a pessoas com pelo menos 50 anos, escolaridade m\u00ednima obrigat\u00f3ria, e cuja situa\u00e7\u00e3o profissional seja uma das seguintes:&nbsp; empregadas por conta de outrem ou por conta pr\u00f3pria, pessoas desempregadas ou pessoas ativas, em situa\u00e7\u00e3o de reforma ou outra.<\/p>\n<p>O <span><a href=\"https:\/\/cincopontozero.pt\/index.html\">empreendedorismo 5.0<\/a><\/span> procura apoiar todos aqueles que com mais de 50 anos sonham criar e gerir o seu neg\u00f3cio e que para isso precisam de refrescar conhecimentos, desenvolver compet\u00eancias de empreendedorismo, tirar partido de uma rede de contactos e mentores, ou refrescar conhecimentos.&nbsp;<\/p>\n<p>Curiosamente, e no que ao empreendedorismo diz respeito, ainda de acordo com o <span><a href=\"https:\/\/cincopontozero.pt\/index.html\">empreendedorismo 5.0<\/a><\/span>, diversos estudos indicam que pessoas que iniciam o seu pr\u00f3prio neg\u00f3cio com mais de 50 anos s\u00e3o duas a tr\u00eas vezes mais bem-sucedidas do que as que t\u00eam menos de 30 anos. No entanto quase todos os programas de apoio ao empreendedorismo s\u00e3o voltados para jovens.<\/p>\n<p>Com o envelhecimento da popula\u00e7\u00e3o portuguesa a acelerar a um ritmo consider\u00e1vel ser\u00e1 desej\u00e1vel rever tamb\u00e9m as ofertas de forma\u00e7\u00e3o e incentivo ao trabalho nomeadamente desde p\u00fablico mais s\u00e9nior que continua a enfrentar alguma discrimina\u00e7\u00e3o na hora de procurar emprego.<\/p>\n<p>Se velhos s\u00e3o os trapos, os jovens seniores que a\u00ed andam dir\u00e3o com cada vez mais frequ\u00eancia: <em>em que posso ser \u00fatil?<\/em><\/p>\n<\/p>\n<p><strong>Sugest\u00f5es de leitura:<\/strong><\/p>\n<p>Casa do Impacto <br \/><span>https:\/\/casadoimpacto.scml.pt\/<\/span><\/p>\n<p>55+<\/p>\n<p><span><a href=\"https:\/\/55mais.pt\/\"><strong>https:\/\/55mais.pt\/<\/strong><\/a><\/span><\/p>\n<p><strong>&nbsp;<\/strong><\/p>\n<p>Empreendedorismo 5.0<\/p>\n<p><span>https:\/\/cincopontozero.pt\/index.html<\/span><\/p>\n<\/p>\n<\/div>\n<\/div>\n<\/div>\n<div class=\"tm-grid-expand uk-child-width-1-1 uk-grid-margin uk-grid uk-grid-stack\" uk-grid=\"\">\n<div class=\"uk-grid-item-match uk-flex-middle uk-first-column\">\n<div class=\"uk-panel uk-width-1-1\">\n<div class=\"uk-panel uk-margin\" uk-scrollspy-class=\"\" style=\"visibility: hidden;\">\n<div class=\" widget-home widget-slider\" uk-slider=\"sets: true; autoplay: true ; autoplay-interval: 3000\">\n\n    \n    <div class=\"uk-position-relative uk-visible-toggle uk-margin\">\n\n        <ul class=\"uk-slider-items uk-grid uk-grid-match uk-child-width-1-1 uk-child-width-1-2@s uk-child-width-1-2@m uk-child-width-1-3@l uk-child-width-1-3@xl\">\n        \n            <li >\n\n                <div class=\"uk-panel uk-text-center\">\n\n                                        <a class=\"uk-position-cover uk-position-z-index\" href=\"https:\/\/learngen.eu\/pt-pt\/2022\/10\/13\/mentoring-e-reverse-mentoring-num-bom-rumo\/\" title=\"Mentoring e reverse mentoring num bom RUMO\"><\/a>\n                    \n                    \n                                        <div class=\"uk-text-center uk-margin uk-margin-remove-top\"><img decoding=\"async\" src=\"https:\/\/learngen.eu\/wp-content\/uploads\/2022\/10\/unnamed.png\" alt=\"Mentoring e reverse mentoring num bom RUMO\"><\/div>\n                    \n                    \n                        \n                                                <h2 class=\"uk-h2 uk-margin-remove-top\">\n\n                                                            <a class=\"uk-link-reset\" href=\"https:\/\/learngen.eu\/pt-pt\/2022\/10\/13\/mentoring-e-reverse-mentoring-num-bom-rumo\/\">Mentoring e reverse mentoring num bom RUMO<\/a>\n                            \n                            \n                        <\/h2>\n                        \n                        \n                        \n                        \n                        \n                        \n                    \n                <\/div>\n\n            <\/li>\n\n        \n            <li >\n\n                <div class=\"uk-panel uk-text-center\">\n\n                                        <a class=\"uk-position-cover uk-position-z-index\" href=\"https:\/\/learngen.eu\/pt-pt\/2022\/09\/05\/2073\/\" title=\"Existe cada vez mais uma proximidade entre as Institui\u00e7\u00f5es de Ensino Superior e as organiza\u00e7\u00f5es, no sentido de colmatar os gaps laborais atuais.\"><\/a>\n                    \n                    \n                                        <div class=\"uk-text-center uk-margin uk-margin-remove-top\"><img decoding=\"async\" src=\"https:\/\/learngen.eu\/wp-content\/uploads\/2022\/09\/unnamed-3.jpg\" alt=\"Existe cada vez mais uma proximidade entre as Institui\u00e7\u00f5es de Ensino Superior e as organiza\u00e7\u00f5es, no sentido de colmatar os gaps laborais atuais.\"><\/div>\n                    \n                    \n                        \n                                                <h2 class=\"uk-h2 uk-margin-remove-top\">\n\n                                                            <a class=\"uk-link-reset\" href=\"https:\/\/learngen.eu\/pt-pt\/2022\/09\/05\/2073\/\">Existe cada vez mais uma proximidade entre as Institui\u00e7\u00f5es de Ensino Superior e as organiza\u00e7\u00f5es, no sentido de colmatar os gaps laborais atuais.<\/a>\n                            \n                            \n                        <\/h2>\n                        \n                        \n                        \n                        \n                        \n                        \n                    \n                <\/div>\n\n            <\/li>\n\n        \n            <li >\n\n                <div class=\"uk-panel uk-text-center\">\n\n                                        <a class=\"uk-position-cover uk-position-z-index\" href=\"https:\/\/learngen.eu\/pt-pt\/2022\/09\/05\/mentoring-para-promover-relacionamentos-intergeracionais-no-local-de-trabalho\/\" title=\"Mentoring para promover relacionamentos intergeracionais no local de trabalho\"><\/a>\n                    \n                    \n                                        <div class=\"uk-text-center uk-margin uk-margin-remove-top\"><img decoding=\"async\" src=\"https:\/\/learngen.eu\/wp-content\/uploads\/2022\/09\/unnamed-2.jpg\" alt=\"Mentoring para promover relacionamentos intergeracionais no local de trabalho\"><\/div>\n                    \n                    \n                        \n                                                <h2 class=\"uk-h2 uk-margin-remove-top\">\n\n                                                            <a class=\"uk-link-reset\" href=\"https:\/\/learngen.eu\/pt-pt\/2022\/09\/05\/mentoring-para-promover-relacionamentos-intergeracionais-no-local-de-trabalho\/\">Mentoring para promover relacionamentos intergeracionais no local de trabalho<\/a>\n                            \n                            \n                        <\/h2>\n                        \n                        \n                        \n                        \n                        \n                        \n                    \n                <\/div>\n\n            <\/li>\n\n        \n            <li >\n\n                <div class=\"uk-panel uk-text-center\">\n\n                                        <a class=\"uk-position-cover uk-position-z-index\" href=\"https:\/\/learngen.eu\/pt-pt\/2022\/08\/02\/enquanto-profissional-de-rh-sinto-que-a-questa%cc%83o-da-idade-nesta-fase-nao-deveria-ser-uma-questa%cc%83o-existem-jovens-de-20-anos-que-parecem-ter-60-e-vice-versa\/\" title=\"Enquanto profissional de RH sinto que a questa\u0303o da idade, nesta fase, n\u00e3o deveria ser uma questa\u0303o (&amp;#8230;)existem jovens de 20 anos que parecem ter 60 e vice-versa.\"><\/a>\n                    \n                    \n                                        <div class=\"uk-text-center uk-margin uk-margin-remove-top\"><img decoding=\"async\" src=\"https:\/\/learngen.eu\/wp-content\/uploads\/2022\/08\/unnamed-5.png\" alt=\"Enquanto profissional de RH sinto que a questa\u0303o da idade, nesta fase, n\u00e3o deveria ser uma questa\u0303o (&#8230;)existem jovens de 20 anos que parecem ter 60 e vice-versa.\"><\/div>\n                    \n                    \n                        \n                                                <h2 class=\"uk-h2 uk-margin-remove-top\">\n\n                                                            <a class=\"uk-link-reset\" href=\"https:\/\/learngen.eu\/pt-pt\/2022\/08\/02\/enquanto-profissional-de-rh-sinto-que-a-questa%cc%83o-da-idade-nesta-fase-nao-deveria-ser-uma-questa%cc%83o-existem-jovens-de-20-anos-que-parecem-ter-60-e-vice-versa\/\">Enquanto profissional de RH sinto que a questa\u0303o da idade, nesta fase, n\u00e3o deveria ser uma questa\u0303o (&#8230;)existem jovens de 20 anos que parecem ter 60 e vice-versa.<\/a>\n                            \n                            \n                        <\/h2>\n                        \n                        \n                        \n                        \n                        \n                        \n                    \n                <\/div>\n\n            <\/li>\n\n        \n            <li >\n\n                <div class=\"uk-panel uk-text-center\">\n\n                                        <a class=\"uk-position-cover uk-position-z-index\" href=\"https:\/\/learngen.eu\/pt-pt\/2022\/08\/02\/na-ausencia-do-outro-o-homem-nao-se-constroi-homem\/\" title=\"Na aus\u00eancia do outro, o homem n\u00e3o se constr\u00f3i homem.\"><\/a>\n                    \n                    \n                                        <div class=\"uk-text-center uk-margin uk-margin-remove-top\"><img decoding=\"async\" src=\"https:\/\/learngen.eu\/wp-content\/uploads\/2022\/08\/unnamed-5.jpg\" alt=\"Na aus\u00eancia do outro, o homem n\u00e3o se constr\u00f3i homem.\"><\/div>\n                    \n                    \n                        \n                                                <h2 class=\"uk-h2 uk-margin-remove-top\">\n\n                                                            <a class=\"uk-link-reset\" href=\"https:\/\/learngen.eu\/pt-pt\/2022\/08\/02\/na-ausencia-do-outro-o-homem-nao-se-constroi-homem\/\">Na aus\u00eancia do outro, o homem n\u00e3o se constr\u00f3i homem.<\/a>\n                            \n                            \n                        <\/h2>\n                        \n                        \n                        \n                        \n                        \n                        \n                    \n                <\/div>\n\n            <\/li>\n\n        \n            <li >\n\n                <div class=\"uk-panel uk-text-center\">\n\n                                        <a class=\"uk-position-cover uk-position-z-index\" href=\"https:\/\/learngen.eu\/pt-pt\/2022\/05\/09\/avos-empreendedores\/\" title=\"Av\u00f3s empreendedores\"><\/a>\n                    \n                    \n                                        <div class=\"uk-text-center uk-margin uk-margin-remove-top\"><img decoding=\"async\" src=\"https:\/\/learngen.eu\/wp-content\/uploads\/2022\/05\/ptnene.png\" alt=\"Av\u00f3s empreendedores\"><\/div>\n                    \n                    \n                        \n                                                <h2 class=\"uk-h2 uk-margin-remove-top\">\n\n                                                            <a class=\"uk-link-reset\" href=\"https:\/\/learngen.eu\/pt-pt\/2022\/05\/09\/avos-empreendedores\/\">Av\u00f3s empreendedores<\/a>\n                            \n                            \n                        <\/h2>\n                        \n                        \n                        \n                        \n                        \n                        \n                    \n                <\/div>\n\n            <\/li>\n\n        \n            <li >\n\n                <div class=\"uk-panel uk-text-center\">\n\n                                        <a class=\"uk-position-cover uk-position-z-index\" href=\"https:\/\/learngen.eu\/pt-pt\/2022\/02\/14\/de-geracao-em-geracao-o-mundo-do-trabalho-a-quatro-maos\/\" title=\"De gera\u00e7\u00e3o em gera\u00e7\u00e3o. O mundo do trabalho a quatro m\u00e3os.\"><\/a>\n                    \n                    \n                                        <div class=\"uk-text-center uk-margin uk-margin-remove-top\"><img decoding=\"async\" src=\"https:\/\/learngen.eu\/wp-content\/uploads\/2022\/02\/PT22.png\" alt=\"De gera\u00e7\u00e3o em gera\u00e7\u00e3o. O mundo do trabalho a quatro m\u00e3os.\"><\/div>\n                    \n                    \n                        \n                                                <h2 class=\"uk-h2 uk-margin-remove-top\">\n\n                                                            <a class=\"uk-link-reset\" href=\"https:\/\/learngen.eu\/pt-pt\/2022\/02\/14\/de-geracao-em-geracao-o-mundo-do-trabalho-a-quatro-maos\/\">De gera\u00e7\u00e3o em gera\u00e7\u00e3o. O mundo do trabalho a quatro m\u00e3os.<\/a>\n                            \n                            \n                        <\/h2>\n                        \n                        \n                        \n                        \n                        \n                        \n                    \n                <\/div>\n\n            <\/li>\n\n        \n            <li >\n\n                <div class=\"uk-panel uk-text-center\">\n\n                                        <a class=\"uk-position-cover uk-position-z-index\" href=\"https:\/\/learngen.eu\/pt-pt\/2021\/12\/10\/velhos-sao-os-trapos\/\" title=\"Velhos s\u00e3o os Trapos!\"><\/a>\n                    \n                    \n                                        <div class=\"uk-text-center uk-margin uk-margin-remove-top\"><img decoding=\"async\" src=\"https:\/\/learngen.eu\/wp-content\/uploads\/2021\/12\/pt1Img-scaled.jpg\" alt=\"Velhos s\u00e3o os Trapos!\"><\/div>\n                    \n                    \n                        \n                                                <h2 class=\"uk-h2 uk-margin-remove-top\">\n\n                                                            <a class=\"uk-link-reset\" href=\"https:\/\/learngen.eu\/pt-pt\/2021\/12\/10\/velhos-sao-os-trapos\/\">Velhos s\u00e3o os Trapos!<\/a>\n                            \n                            \n                        <\/h2>\n                        \n                        \n                        \n                        \n                        \n                        \n                    \n                <\/div>\n\n            <\/li>\n\n        \n            <li >\n\n                <div class=\"uk-panel uk-text-center\">\n\n                                        <a class=\"uk-position-cover uk-position-z-index\" href=\"https:\/\/learngen.eu\/pt-pt\/2021\/10\/05\/reverse-mentoring-um-caminho-para-normalizar-a-aprendizagem-intergeracional\/\" title=\"Reverse mentoring: um caminho para normalizar a aprendizagem intergeracional?\"><\/a>\n                    \n                    \n                                        <div class=\"uk-text-center uk-margin uk-margin-remove-top\"><img decoding=\"async\" src=\"https:\/\/learngen.eu\/wp-content\/uploads\/2021\/10\/julPT1.jpg\" alt=\"Reverse mentoring: um caminho para normalizar a aprendizagem intergeracional?\"><\/div>\n                    \n                    \n                        \n                                                <h2 class=\"uk-h2 uk-margin-remove-top\">\n\n                                                            <a class=\"uk-link-reset\" href=\"https:\/\/learngen.eu\/pt-pt\/2021\/10\/05\/reverse-mentoring-um-caminho-para-normalizar-a-aprendizagem-intergeracional\/\">Reverse mentoring: um caminho para normalizar a aprendizagem intergeracional?<\/a>\n                            \n                            \n                        <\/h2>\n                        \n                        \n                        \n                        \n                        \n                        \n                    \n                <\/div>\n\n            <\/li>\n\n        \n            <li >\n\n                <div class=\"uk-panel uk-text-center\">\n\n                                        <a class=\"uk-position-cover uk-position-z-index\" href=\"https:\/\/learngen.eu\/pt-pt\/2021\/10\/05\/primeiros-resultados-do-projeto-testados-em-portugal\/\" title=\"Primeiros resultados do projeto testados em Portugal\"><\/a>\n                    \n                    \n                                        <div class=\"uk-text-center uk-margin uk-margin-remove-top\"><img decoding=\"async\" src=\"https:\/\/learngen.eu\/wp-content\/uploads\/2021\/10\/pt1.jpg\" alt=\"Primeiros resultados do projeto testados em Portugal\"><\/div>\n                    \n                    \n                        \n                                                <h2 class=\"uk-h2 uk-margin-remove-top\">\n\n                                                            <a class=\"uk-link-reset\" href=\"https:\/\/learngen.eu\/pt-pt\/2021\/10\/05\/primeiros-resultados-do-projeto-testados-em-portugal\/\">Primeiros resultados do projeto testados em Portugal<\/a>\n                            \n                            \n                        <\/h2>\n                        \n                        \n                        \n                        \n                        \n                        \n                    \n                <\/div>\n\n            <\/li>\n\n        \n            <li >\n\n                <div class=\"uk-panel uk-text-center\">\n\n                                        <a class=\"uk-position-cover uk-position-z-index\" href=\"https:\/\/learngen.eu\/pt-pt\/2021\/06\/17\/trabalhadores-cada-vez-mais-velhos-um-problema-ou-um-mar-de-oportunidades\/\" title=\"Trabalhadores cada vez mais velhos: um problema ou um mar de oportunidades?\"><\/a>\n                    \n                    \n                                        <div class=\"uk-text-center uk-margin uk-margin-remove-top\"><img decoding=\"async\" src=\"https:\/\/learngen.eu\/wp-content\/uploads\/2021\/06\/people-job-career-recruitment-concept-elegant-50-year-old-female-human-resources-specialist-sitting-desk-writing-down-information-copybook-while-interviewing-male-candidate_344912-1917.jpg\" alt=\"Trabalhadores cada vez mais velhos: um problema ou um mar de oportunidades?\"><\/div>\n                    \n                    \n                        \n                                                <h2 class=\"uk-h2 uk-margin-remove-top\">\n\n                                                            <a class=\"uk-link-reset\" href=\"https:\/\/learngen.eu\/pt-pt\/2021\/06\/17\/trabalhadores-cada-vez-mais-velhos-um-problema-ou-um-mar-de-oportunidades\/\">Trabalhadores cada vez mais velhos: um problema ou um mar de oportunidades?<\/a>\n                            \n                            \n                        <\/h2>\n                        \n                        \n                        \n                        \n                        \n                        \n                    \n                <\/div>\n\n            <\/li>\n\n        \n            <li >\n\n                <div class=\"uk-panel uk-text-center\">\n\n                                        <a class=\"uk-position-cover uk-position-z-index\" href=\"https:\/\/learngen.eu\/pt-pt\/2021\/05\/07\/a-mindshift\/\" title=\"O que diz a equipa da Mindshift sobre mentoria e aprendizagem intergeracionais\"><\/a>\n                    \n                    \n                                        <div class=\"uk-text-center uk-margin uk-margin-remove-top\"><img decoding=\"async\" src=\"https:\/\/learngen.eu\/wp-content\/uploads\/2021\/05\/Mindshift-logo.svg\" alt=\"O que diz a equipa da Mindshift sobre mentoria e aprendizagem intergeracionais\"><\/div>\n                    \n                    \n                        \n                                                <h2 class=\"uk-h2 uk-margin-remove-top\">\n\n                                                            <a class=\"uk-link-reset\" href=\"https:\/\/learngen.eu\/pt-pt\/2021\/05\/07\/a-mindshift\/\">O que diz a equipa da Mindshift sobre mentoria e aprendizagem intergeracionais<\/a>\n                            \n                            \n                        <\/h2>\n                        \n                        \n                        \n                        \n                        \n                        \n                    \n                <\/div>\n\n            <\/li>\n\n                <\/ul>\n\n        \n            \n                \n                    <a href=\"#\" class=\"uk-position-center-left uk-position-small uk-hidden-hover\" uk-slidenav-previous uk-slider-item=\"previous\"><\/a>\n                    <a href=\"#\" class=\"uk-position-center-right uk-position-small uk-hidden-hover\" uk-slidenav-next uk-slider-item=\"next\"><\/a>\n\n                \n            \n        \n    <\/div>\n\n    \n        <ul class=\"uk-slider-nav uk-dotnav uk-flex-center uk-margin-remove-bottom\"><\/ul>\n    \n    \n<\/div>\n<\/div>\n<\/p><\/div>\n<\/div>\n<\/div><\/div>\n<\/div>\n","protected":false},"excerpt":{"rendered":"<p>Velhos s\u00e3o os Trapos! Se disser a uma pessoa conhecida \u201cest\u00e1s velho\u201d \u00e9 muito prov\u00e1vel que oi\u00e7a esta resposta: \u201cVelhos&#8230;<\/p>\n","protected":false},"author":1,"featured_media":1793,"comment_status":"closed","ping_status":"closed","sticky":false,"template":"","format":"standard","meta":{"_acf_changed":false,"footnotes":""},"categories":[17],"tags":[],"class_list":["post-1791","post","type-post","status-publish","format-standard","has-post-thumbnail","hentry","category-news-pt-pt"],"acf":[],"_links":{"self":[{"href":"https:\/\/learngen.eu\/pt-pt\/wp-json\/wp\/v2\/posts\/1791","targetHints":{"allow":["GET"]}}],"collection":[{"href":"https:\/\/learngen.eu\/pt-pt\/wp-json\/wp\/v2\/posts"}],"about":[{"href":"https:\/\/learngen.eu\/pt-pt\/wp-json\/wp\/v2\/types\/post"}],"author":[{"embeddable":true,"href":"https:\/\/learngen.eu\/pt-pt\/wp-json\/wp\/v2\/users\/1"}],"replies":[{"embeddable":true,"href":"https:\/\/learngen.eu\/pt-pt\/wp-json\/wp\/v2\/comments?post=1791"}],"version-history":[{"count":1,"href":"https:\/\/learngen.eu\/pt-pt\/wp-json\/wp\/v2\/posts\/1791\/revisions"}],"predecessor-version":[{"id":1799,"href":"https:\/\/learngen.eu\/pt-pt\/wp-json\/wp\/v2\/posts\/1791\/revisions\/1799"}],"wp:featuredmedia":[{"embeddable":true,"href":"https:\/\/learngen.eu\/pt-pt\/wp-json\/wp\/v2\/media\/1793"}],"wp:attachment":[{"href":"https:\/\/learngen.eu\/pt-pt\/wp-json\/wp\/v2\/media?parent=1791"}],"wp:term":[{"taxonomy":"category","embeddable":true,"href":"https:\/\/learngen.eu\/pt-pt\/wp-json\/wp\/v2\/categories?post=1791"},{"taxonomy":"post_tag","embeddable":true,"href":"https:\/\/learngen.eu\/pt-pt\/wp-json\/wp\/v2\/tags?post=1791"}],"curies":[{"name":"wp","href":"https:\/\/api.w.org\/{rel}","templated":true}]}}