{"id":1674,"date":"2021-10-05T12:21:17","date_gmt":"2021-10-05T12:21:17","guid":{"rendered":"https:\/\/learngen.eu\/?p=1674"},"modified":"2021-10-05T12:22:13","modified_gmt":"2021-10-05T12:22:13","slug":"primeiros-resultados-do-projeto-testados-em-portugal","status":"publish","type":"post","link":"https:\/\/learngen.eu\/pt-pt\/2021\/10\/05\/primeiros-resultados-do-projeto-testados-em-portugal\/","title":{"rendered":"Primeiros resultados do projeto testados em Portugal"},"content":{"rendered":"<div class=\"uk-padding-remove-top uk-section-default uk-section\" uk-scrollspy=\"target: [uk-scrollspy-class]; cls: uk-animation-fade; delay: 200;\">\n<div class=\"uk-container\">\n<div class=\"tm-grid-expand uk-child-width-1-1 uk-grid-margin uk-grid uk-grid-stack\" uk-grid=\"\">\n<div class=\"uk-first-column\">\n<h2 class=\"uk-h2 uk-scrollspy-inview uk-animation-fade\" uk-scrollspy-class=\"\" style=\"\">\n<p><strong>Primeiros resultados do projeto testados em Portugal<\/strong><\/p>\n<\/h2>\n<div class=\"uk-margin uk-text-center uk-scrollspy-inview uk-animation-fade\" uk-scrollspy-class=\"\" style=\"\">\n        <img decoding=\"async\" class=\"el-image\" alt=\"\" data-src=\"\/wp-content\/themes\/yootheme\/cache\/pt1-00a7f0ea.jpeg\" data-srcset=\"\/wp-content\/themes\/yootheme\/cache\/pt1-00a7f0ea.jpeg 400w, https:\/\/learngen.eu\/wp-admin\/admin-ajax.php?p=image&amp;action=kernel&amp;src=WyJ3cC1jb250ZW50XC91cGxvYWRzXC8yMDIxXC8xMFwvcHQxLmpwZyIsW1siZG9SZXNpemUiLFs3NjgsNTc3LDc2OCw1NzddXSxbImRvQ3JvcCIsWzc2OCw1NzYsMCwwXV1dXQ%3D%3D&amp;hash=93d936a098c4478a4f7daa76b22d8760 768w, https:\/\/learngen.eu\/wp-admin\/admin-ajax.php?p=image&amp;action=kernel&amp;src=WyJ3cC1jb250ZW50XC91cGxvYWRzXC8yMDIxXC8xMFwvcHQxLmpwZyIsW1siZG9SZXNpemUiLFs4MDAsNjAxLDgwMCw2MDFdXSxbImRvQ3JvcCIsWzgwMCw2MDAsMCwwXV1dXQ%3D%3D&amp;hash=09203a8702410ea114daccc401abbdf0 800w\" data-sizes=\"(min-width: 400px) 400px\" data-width=\"400\" data-height=\"300\" uk-img=\"\" src=\"https:\/\/learngen.eu\/wp-content\/themes\/yootheme\/cache\/pt1-00a7f0ea.jpeg\" sizes=\"(min-width: 400px) 400px\" srcset=\"\/wp-content\/themes\/yootheme\/cache\/pt1-00a7f0ea.jpeg 400w, https:\/\/learngen.eu\/wp-admin\/admin-ajax.php?p=image&amp;action=kernel&amp;src=WyJ3cC1jb250ZW50XC91cGxvYWRzXC8yMDIxXC8xMFwvcHQxLmpwZyIsW1siZG9SZXNpemUiLFs3NjgsNTc3LDc2OCw1NzddXSxbImRvQ3JvcCIsWzc2OCw1NzYsMCwwXV1dXQ%3D%3D&amp;hash=93d936a098c4478a4f7daa76b22d8760 768w, https:\/\/learngen.eu\/wp-admin\/admin-ajax.php?p=image&amp;action=kernel&amp;src=WyJ3cC1jb250ZW50XC91cGxvYWRzXC8yMDIxXC8xMFwvcHQxLmpwZyIsW1siZG9SZXNpemUiLFs4MDAsNjAxLDgwMCw2MDFdXSxbImRvQ3JvcCIsWzgwMCw2MDAsMCwwXV1dXQ%3D%3D&amp;hash=09203a8702410ea114daccc401abbdf0 800w\">    <\/p>\n<\/div>\n<div class=\"uk-panel uk-margin uk-scrollspy-inview uk-animation-fade\" uk-scrollspy-class=\"\" style=\"\">\n<h2><em>Primeiros resultados do projeto testados em Portugal<\/em><\/h2>\n<p>A Mindshift realizou no passado dia 15 de setembro a primeira a\u00e7\u00e3o de forma\u00e7\u00e3o no \u00e2mbito do projeto LearnGen. Esta a\u00e7\u00e3o de forma\u00e7\u00e3o foi organizada com o intuito de apresentar e testar o primeiro resultado do projeto \u2013 &nbsp;o programa de <strong>Forma\u00e7\u00e3o LearnGen: desafios intergeracionais no trabalho<\/strong>.<\/p>\n<p>A a\u00e7\u00e3o de forma\u00e7\u00e3o decorreu nas instala\u00e7\u00f5es da USALBI \u2013&nbsp; Universidade S\u00e9nior de Castelo, fruto de uma parceria com a Amato Lusitano \u2013 Associa\u00e7\u00e3o de Desenvolvimento. Participaram nesta forma\u00e7\u00e3o representantes de diferentes organiza\u00e7\u00f5es e empresas locais, que tiveram a oportunidade de aceder em primeira m\u00e3o aos recursos e materiais de forma\u00e7\u00e3o desenvolvidos.<\/p>\n<p>Este programa formativo divide-se em seis m\u00f3dulos, sendo que cada m\u00f3dulo inclui: recursos para a sua implementa\u00e7\u00e3o; n\u00famero de horas para cada \u00e1rea de compet\u00eancia em cada etapa; ferramentas e conte\u00fado do material de forma\u00e7\u00e3o; folhas de apoio e fichas de atividade; e ferramentas de avalia\u00e7\u00e3o. Os m\u00f3dulos que integram o curr\u00edculo s\u00e3o os seguintes:<\/p>\n<ul>\n<li>M\u00f3dulo 1. Introdu\u00e7\u00e3o \u00e0 educa\u00e7\u00e3o intergeracional<\/li>\n<li>M\u00f3dulo 2. An\u00e1lise de necessidades de forma\u00e7\u00e3o em educa\u00e7\u00e3o intergeracional nas organiza\u00e7\u00f5es<\/li>\n<li>M\u00f3dulo 3. Concetualiza\u00e7\u00e3o de estrat\u00e9gias de combate \u00e0 discrimina\u00e7\u00e3o et\u00e1ria e exclus\u00e3o social nos locais de trabalho<\/li>\n<li>M\u00f3dulo 4. Implementa\u00e7\u00e3o, monitoriza\u00e7\u00e3o e avalia\u00e7\u00e3o de estrat\u00e9gias de combate \u00e0 discrimina\u00e7\u00e3o et\u00e1ria e exclus\u00e3o social nos locais de trabalho<\/li>\n<li>M\u00f3dulo 5. Programa de forma\u00e7\u00e3o de mentores<\/li>\n<li>M\u00f3dulo 6. Implementa\u00e7\u00e3o, monitoriza\u00e7\u00e3o e avalia\u00e7\u00e3o do programa de forma\u00e7\u00e3o LearGen<\/li>\n<\/ul>\n<p>Aceda tamb\u00e9m aos conte\u00fados propostos neste programa de forma\u00e7\u00e3o aqui: <a href=\"https:\/\/elearning.learngen.eu\/pt-pt\/\">https:\/\/elearning.learngen.eu\/pt-pt\/<\/a><\/p>\n<\/p>\n<\/div>\n<\/div>\n<\/div>\n<div class=\"tm-grid-expand uk-child-width-1-1 uk-grid-margin uk-grid uk-grid-stack\" uk-grid=\"\">\n<div class=\"uk-grid-item-match uk-flex-middle uk-first-column\">\n<div class=\"uk-panel uk-width-1-1\">\n<div class=\"uk-panel uk-margin\" uk-scrollspy-class=\"\" style=\"visibility: hidden;\">\n<div class=\" widget-home widget-slider\" uk-slider=\"sets: true; autoplay: true ; autoplay-interval: 3000\">\n\n    \n    <div class=\"uk-position-relative uk-visible-toggle uk-margin\">\n\n        <ul class=\"uk-slider-items uk-grid uk-grid-match uk-child-width-1-1 uk-child-width-1-2@s uk-child-width-1-2@m uk-child-width-1-3@l uk-child-width-1-3@xl\">\n        \n            <li >\n\n                <div class=\"uk-panel uk-text-center\">\n\n                                        <a class=\"uk-position-cover uk-position-z-index\" href=\"https:\/\/learngen.eu\/pt-pt\/2022\/10\/13\/mentoring-e-reverse-mentoring-num-bom-rumo\/\" title=\"Mentoring e reverse mentoring num bom RUMO\"><\/a>\n                    \n                    \n                                        <div class=\"uk-text-center uk-margin uk-margin-remove-top\"><img decoding=\"async\" src=\"https:\/\/learngen.eu\/wp-content\/uploads\/2022\/10\/unnamed.png\" alt=\"Mentoring e reverse mentoring num bom RUMO\"><\/div>\n                    \n                    \n                        \n                                                <h2 class=\"uk-h2 uk-margin-remove-top\">\n\n                                                            <a class=\"uk-link-reset\" href=\"https:\/\/learngen.eu\/pt-pt\/2022\/10\/13\/mentoring-e-reverse-mentoring-num-bom-rumo\/\">Mentoring e reverse mentoring num bom RUMO<\/a>\n                            \n                            \n                        <\/h2>\n                        \n                        \n                        \n                        \n                        \n                        \n                    \n                <\/div>\n\n            <\/li>\n\n        \n            <li >\n\n                <div class=\"uk-panel uk-text-center\">\n\n                                        <a class=\"uk-position-cover uk-position-z-index\" href=\"https:\/\/learngen.eu\/pt-pt\/2022\/09\/05\/2073\/\" title=\"Existe cada vez mais uma proximidade entre as Institui\u00e7\u00f5es de Ensino Superior e as organiza\u00e7\u00f5es, no sentido de colmatar os gaps laborais atuais.\"><\/a>\n                    \n                    \n                                        <div class=\"uk-text-center uk-margin uk-margin-remove-top\"><img decoding=\"async\" src=\"https:\/\/learngen.eu\/wp-content\/uploads\/2022\/09\/unnamed-3.jpg\" alt=\"Existe cada vez mais uma proximidade entre as Institui\u00e7\u00f5es de Ensino Superior e as organiza\u00e7\u00f5es, no sentido de colmatar os gaps laborais atuais.\"><\/div>\n                    \n                    \n                        \n                                                <h2 class=\"uk-h2 uk-margin-remove-top\">\n\n                                                            <a class=\"uk-link-reset\" href=\"https:\/\/learngen.eu\/pt-pt\/2022\/09\/05\/2073\/\">Existe cada vez mais uma proximidade entre as Institui\u00e7\u00f5es de Ensino Superior e as organiza\u00e7\u00f5es, no sentido de colmatar os gaps laborais atuais.<\/a>\n                            \n                            \n                        <\/h2>\n                        \n                        \n                        \n                        \n                        \n                        \n                    \n                <\/div>\n\n            <\/li>\n\n        \n            <li >\n\n                <div class=\"uk-panel uk-text-center\">\n\n                                        <a class=\"uk-position-cover uk-position-z-index\" href=\"https:\/\/learngen.eu\/pt-pt\/2022\/09\/05\/mentoring-para-promover-relacionamentos-intergeracionais-no-local-de-trabalho\/\" title=\"Mentoring para promover relacionamentos intergeracionais no local de trabalho\"><\/a>\n                    \n                    \n                                        <div class=\"uk-text-center uk-margin uk-margin-remove-top\"><img decoding=\"async\" src=\"https:\/\/learngen.eu\/wp-content\/uploads\/2022\/09\/unnamed-2.jpg\" alt=\"Mentoring para promover relacionamentos intergeracionais no local de trabalho\"><\/div>\n                    \n                    \n                        \n                                                <h2 class=\"uk-h2 uk-margin-remove-top\">\n\n                                                            <a class=\"uk-link-reset\" href=\"https:\/\/learngen.eu\/pt-pt\/2022\/09\/05\/mentoring-para-promover-relacionamentos-intergeracionais-no-local-de-trabalho\/\">Mentoring para promover relacionamentos intergeracionais no local de trabalho<\/a>\n                            \n                            \n                        <\/h2>\n                        \n                        \n                        \n                        \n                        \n                        \n                    \n                <\/div>\n\n            <\/li>\n\n        \n            <li >\n\n                <div class=\"uk-panel uk-text-center\">\n\n                                        <a class=\"uk-position-cover uk-position-z-index\" href=\"https:\/\/learngen.eu\/pt-pt\/2022\/08\/02\/enquanto-profissional-de-rh-sinto-que-a-questa%cc%83o-da-idade-nesta-fase-nao-deveria-ser-uma-questa%cc%83o-existem-jovens-de-20-anos-que-parecem-ter-60-e-vice-versa\/\" title=\"Enquanto profissional de RH sinto que a questa\u0303o da idade, nesta fase, n\u00e3o deveria ser uma questa\u0303o (&amp;#8230;)existem jovens de 20 anos que parecem ter 60 e vice-versa.\"><\/a>\n                    \n                    \n                                        <div class=\"uk-text-center uk-margin uk-margin-remove-top\"><img decoding=\"async\" src=\"https:\/\/learngen.eu\/wp-content\/uploads\/2022\/08\/unnamed-5.png\" alt=\"Enquanto profissional de RH sinto que a questa\u0303o da idade, nesta fase, n\u00e3o deveria ser uma questa\u0303o (&#8230;)existem jovens de 20 anos que parecem ter 60 e vice-versa.\"><\/div>\n                    \n                    \n                        \n                                                <h2 class=\"uk-h2 uk-margin-remove-top\">\n\n                                                            <a class=\"uk-link-reset\" href=\"https:\/\/learngen.eu\/pt-pt\/2022\/08\/02\/enquanto-profissional-de-rh-sinto-que-a-questa%cc%83o-da-idade-nesta-fase-nao-deveria-ser-uma-questa%cc%83o-existem-jovens-de-20-anos-que-parecem-ter-60-e-vice-versa\/\">Enquanto profissional de RH sinto que a questa\u0303o da idade, nesta fase, n\u00e3o deveria ser uma questa\u0303o (&#8230;)existem jovens de 20 anos que parecem ter 60 e vice-versa.<\/a>\n                            \n                            \n                        <\/h2>\n                        \n                        \n                        \n                        \n                        \n                        \n                    \n                <\/div>\n\n            <\/li>\n\n        \n            <li >\n\n                <div class=\"uk-panel uk-text-center\">\n\n                                        <a class=\"uk-position-cover uk-position-z-index\" href=\"https:\/\/learngen.eu\/pt-pt\/2022\/08\/02\/na-ausencia-do-outro-o-homem-nao-se-constroi-homem\/\" title=\"Na aus\u00eancia do outro, o homem n\u00e3o se constr\u00f3i homem.\"><\/a>\n                    \n                    \n                                        <div class=\"uk-text-center uk-margin uk-margin-remove-top\"><img decoding=\"async\" src=\"https:\/\/learngen.eu\/wp-content\/uploads\/2022\/08\/unnamed-5.jpg\" alt=\"Na aus\u00eancia do outro, o homem n\u00e3o se constr\u00f3i homem.\"><\/div>\n                    \n                    \n                        \n                                                <h2 class=\"uk-h2 uk-margin-remove-top\">\n\n                                                            <a class=\"uk-link-reset\" href=\"https:\/\/learngen.eu\/pt-pt\/2022\/08\/02\/na-ausencia-do-outro-o-homem-nao-se-constroi-homem\/\">Na aus\u00eancia do outro, o homem n\u00e3o se constr\u00f3i homem.<\/a>\n                            \n                            \n                        <\/h2>\n                        \n                        \n                        \n                        \n                        \n                        \n                    \n                <\/div>\n\n            <\/li>\n\n        \n            <li >\n\n                <div class=\"uk-panel uk-text-center\">\n\n                                        <a class=\"uk-position-cover uk-position-z-index\" href=\"https:\/\/learngen.eu\/pt-pt\/2022\/05\/09\/avos-empreendedores\/\" title=\"Av\u00f3s empreendedores\"><\/a>\n                    \n                    \n                                        <div class=\"uk-text-center uk-margin uk-margin-remove-top\"><img decoding=\"async\" src=\"https:\/\/learngen.eu\/wp-content\/uploads\/2022\/05\/ptnene.png\" alt=\"Av\u00f3s empreendedores\"><\/div>\n                    \n                    \n                        \n                                                <h2 class=\"uk-h2 uk-margin-remove-top\">\n\n                                                            <a class=\"uk-link-reset\" href=\"https:\/\/learngen.eu\/pt-pt\/2022\/05\/09\/avos-empreendedores\/\">Av\u00f3s empreendedores<\/a>\n                            \n                            \n                        <\/h2>\n                        \n                        \n                        \n                        \n                        \n                        \n                    \n                <\/div>\n\n            <\/li>\n\n        \n            <li >\n\n                <div class=\"uk-panel uk-text-center\">\n\n                                        <a class=\"uk-position-cover uk-position-z-index\" href=\"https:\/\/learngen.eu\/pt-pt\/2022\/02\/14\/de-geracao-em-geracao-o-mundo-do-trabalho-a-quatro-maos\/\" title=\"De gera\u00e7\u00e3o em gera\u00e7\u00e3o. O mundo do trabalho a quatro m\u00e3os.\"><\/a>\n                    \n                    \n                                        <div class=\"uk-text-center uk-margin uk-margin-remove-top\"><img decoding=\"async\" src=\"https:\/\/learngen.eu\/wp-content\/uploads\/2022\/02\/PT22.png\" alt=\"De gera\u00e7\u00e3o em gera\u00e7\u00e3o. O mundo do trabalho a quatro m\u00e3os.\"><\/div>\n                    \n                    \n                        \n                                                <h2 class=\"uk-h2 uk-margin-remove-top\">\n\n                                                            <a class=\"uk-link-reset\" href=\"https:\/\/learngen.eu\/pt-pt\/2022\/02\/14\/de-geracao-em-geracao-o-mundo-do-trabalho-a-quatro-maos\/\">De gera\u00e7\u00e3o em gera\u00e7\u00e3o. O mundo do trabalho a quatro m\u00e3os.<\/a>\n                            \n                            \n                        <\/h2>\n                        \n                        \n                        \n                        \n                        \n                        \n                    \n                <\/div>\n\n            <\/li>\n\n        \n            <li >\n\n                <div class=\"uk-panel uk-text-center\">\n\n                                        <a class=\"uk-position-cover uk-position-z-index\" href=\"https:\/\/learngen.eu\/pt-pt\/2021\/12\/10\/velhos-sao-os-trapos\/\" title=\"Velhos s\u00e3o os Trapos!\"><\/a>\n                    \n                    \n                                        <div class=\"uk-text-center uk-margin uk-margin-remove-top\"><img decoding=\"async\" src=\"https:\/\/learngen.eu\/wp-content\/uploads\/2021\/12\/pt1Img-scaled.jpg\" alt=\"Velhos s\u00e3o os Trapos!\"><\/div>\n                    \n                    \n                        \n                                                <h2 class=\"uk-h2 uk-margin-remove-top\">\n\n                                                            <a class=\"uk-link-reset\" href=\"https:\/\/learngen.eu\/pt-pt\/2021\/12\/10\/velhos-sao-os-trapos\/\">Velhos s\u00e3o os Trapos!<\/a>\n                            \n                            \n                        <\/h2>\n                        \n                        \n                        \n                        \n                        \n                        \n                    \n                <\/div>\n\n            <\/li>\n\n        \n            <li >\n\n                <div class=\"uk-panel uk-text-center\">\n\n                                        <a class=\"uk-position-cover uk-position-z-index\" href=\"https:\/\/learngen.eu\/pt-pt\/2021\/10\/05\/reverse-mentoring-um-caminho-para-normalizar-a-aprendizagem-intergeracional\/\" title=\"Reverse mentoring: um caminho para normalizar a aprendizagem intergeracional?\"><\/a>\n                    \n                    \n                                        <div class=\"uk-text-center uk-margin uk-margin-remove-top\"><img decoding=\"async\" src=\"https:\/\/learngen.eu\/wp-content\/uploads\/2021\/10\/julPT1.jpg\" alt=\"Reverse mentoring: um caminho para normalizar a aprendizagem intergeracional?\"><\/div>\n                    \n                    \n                        \n                                                <h2 class=\"uk-h2 uk-margin-remove-top\">\n\n                                                            <a class=\"uk-link-reset\" href=\"https:\/\/learngen.eu\/pt-pt\/2021\/10\/05\/reverse-mentoring-um-caminho-para-normalizar-a-aprendizagem-intergeracional\/\">Reverse mentoring: um caminho para normalizar a aprendizagem intergeracional?<\/a>\n                            \n                            \n                        <\/h2>\n                        \n                        \n                        \n                        \n                        \n                        \n                    \n                <\/div>\n\n            <\/li>\n\n        \n            <li >\n\n                <div class=\"uk-panel uk-text-center\">\n\n                                        <a class=\"uk-position-cover uk-position-z-index\" href=\"https:\/\/learngen.eu\/pt-pt\/2021\/10\/05\/primeiros-resultados-do-projeto-testados-em-portugal\/\" title=\"Primeiros resultados do projeto testados em Portugal\"><\/a>\n                    \n                    \n                                        <div class=\"uk-text-center uk-margin uk-margin-remove-top\"><img decoding=\"async\" src=\"https:\/\/learngen.eu\/wp-content\/uploads\/2021\/10\/pt1.jpg\" alt=\"Primeiros resultados do projeto testados em Portugal\"><\/div>\n                    \n                    \n                        \n                                                <h2 class=\"uk-h2 uk-margin-remove-top\">\n\n                                                            <a class=\"uk-link-reset\" href=\"https:\/\/learngen.eu\/pt-pt\/2021\/10\/05\/primeiros-resultados-do-projeto-testados-em-portugal\/\">Primeiros resultados do projeto testados em Portugal<\/a>\n                            \n                            \n                        <\/h2>\n                        \n                        \n                        \n                        \n                        \n                        \n                    \n                <\/div>\n\n            <\/li>\n\n        \n            <li >\n\n                <div class=\"uk-panel uk-text-center\">\n\n                                        <a class=\"uk-position-cover uk-position-z-index\" href=\"https:\/\/learngen.eu\/pt-pt\/2021\/06\/17\/trabalhadores-cada-vez-mais-velhos-um-problema-ou-um-mar-de-oportunidades\/\" title=\"Trabalhadores cada vez mais velhos: um problema ou um mar de oportunidades?\"><\/a>\n                    \n                    \n                                        <div class=\"uk-text-center uk-margin uk-margin-remove-top\"><img decoding=\"async\" src=\"https:\/\/learngen.eu\/wp-content\/uploads\/2021\/06\/people-job-career-recruitment-concept-elegant-50-year-old-female-human-resources-specialist-sitting-desk-writing-down-information-copybook-while-interviewing-male-candidate_344912-1917.jpg\" alt=\"Trabalhadores cada vez mais velhos: um problema ou um mar de oportunidades?\"><\/div>\n                    \n                    \n                        \n                                                <h2 class=\"uk-h2 uk-margin-remove-top\">\n\n                                                            <a class=\"uk-link-reset\" href=\"https:\/\/learngen.eu\/pt-pt\/2021\/06\/17\/trabalhadores-cada-vez-mais-velhos-um-problema-ou-um-mar-de-oportunidades\/\">Trabalhadores cada vez mais velhos: um problema ou um mar de oportunidades?<\/a>\n                            \n                            \n                        <\/h2>\n                        \n                        \n                        \n                        \n                        \n                        \n                    \n                <\/div>\n\n            <\/li>\n\n        \n            <li >\n\n                <div class=\"uk-panel uk-text-center\">\n\n                                        <a class=\"uk-position-cover uk-position-z-index\" href=\"https:\/\/learngen.eu\/pt-pt\/2021\/05\/07\/a-mindshift\/\" title=\"O que diz a equipa da Mindshift sobre mentoria e aprendizagem intergeracionais\"><\/a>\n                    \n                    \n                                        <div class=\"uk-text-center uk-margin uk-margin-remove-top\"><img decoding=\"async\" src=\"https:\/\/learngen.eu\/wp-content\/uploads\/2021\/05\/Mindshift-logo.svg\" alt=\"O que diz a equipa da Mindshift sobre mentoria e aprendizagem intergeracionais\"><\/div>\n                    \n                    \n                        \n                                                <h2 class=\"uk-h2 uk-margin-remove-top\">\n\n                                                            <a class=\"uk-link-reset\" href=\"https:\/\/learngen.eu\/pt-pt\/2021\/05\/07\/a-mindshift\/\">O que diz a equipa da Mindshift sobre mentoria e aprendizagem intergeracionais<\/a>\n                            \n                            \n                        <\/h2>\n                        \n                        \n                        \n                        \n                        \n                        \n                    \n                <\/div>\n\n            <\/li>\n\n                <\/ul>\n\n        \n            \n                \n                    <a href=\"#\" class=\"uk-position-center-left uk-position-small uk-hidden-hover\" uk-slidenav-previous uk-slider-item=\"previous\"><\/a>\n                    <a href=\"#\" class=\"uk-position-center-right uk-position-small uk-hidden-hover\" uk-slidenav-next uk-slider-item=\"next\"><\/a>\n\n                \n            \n        \n    <\/div>\n\n    \n        <ul class=\"uk-slider-nav uk-dotnav uk-flex-center uk-margin-remove-bottom\"><\/ul>\n    \n    \n<\/div>\n<\/div>\n<\/p><\/div>\n<\/div>\n<\/div><\/div>\n<\/div>\n","protected":false},"excerpt":{"rendered":"<p>Primeiros resultados do projeto testados em Portugal Primeiros resultados do projeto testados em Portugal A Mindshift realizou no passado dia&#8230;<\/p>\n","protected":false},"author":1,"featured_media":1670,"comment_status":"closed","ping_status":"closed","sticky":false,"template":"","format":"standard","meta":{"_acf_changed":false,"footnotes":""},"categories":[17],"tags":[],"class_list":["post-1674","post","type-post","status-publish","format-standard","has-post-thumbnail","hentry","category-news-pt-pt"],"acf":[],"_links":{"self":[{"href":"https:\/\/learngen.eu\/pt-pt\/wp-json\/wp\/v2\/posts\/1674","targetHints":{"allow":["GET"]}}],"collection":[{"href":"https:\/\/learngen.eu\/pt-pt\/wp-json\/wp\/v2\/posts"}],"about":[{"href":"https:\/\/learngen.eu\/pt-pt\/wp-json\/wp\/v2\/types\/post"}],"author":[{"embeddable":true,"href":"https:\/\/learngen.eu\/pt-pt\/wp-json\/wp\/v2\/users\/1"}],"replies":[{"embeddable":true,"href":"https:\/\/learngen.eu\/pt-pt\/wp-json\/wp\/v2\/comments?post=1674"}],"version-history":[{"count":3,"href":"https:\/\/learngen.eu\/pt-pt\/wp-json\/wp\/v2\/posts\/1674\/revisions"}],"predecessor-version":[{"id":1677,"href":"https:\/\/learngen.eu\/pt-pt\/wp-json\/wp\/v2\/posts\/1674\/revisions\/1677"}],"wp:featuredmedia":[{"embeddable":true,"href":"https:\/\/learngen.eu\/pt-pt\/wp-json\/wp\/v2\/media\/1670"}],"wp:attachment":[{"href":"https:\/\/learngen.eu\/pt-pt\/wp-json\/wp\/v2\/media?parent=1674"}],"wp:term":[{"taxonomy":"category","embeddable":true,"href":"https:\/\/learngen.eu\/pt-pt\/wp-json\/wp\/v2\/categories?post=1674"},{"taxonomy":"post_tag","embeddable":true,"href":"https:\/\/learngen.eu\/pt-pt\/wp-json\/wp\/v2\/tags?post=1674"}],"curies":[{"name":"wp","href":"https:\/\/api.w.org\/{rel}","templated":true}]}}