{"id":871,"date":"2021-04-09T09:43:59","date_gmt":"2021-04-09T09:43:59","guid":{"rendered":"https:\/\/learngen.eu\/?p=871"},"modified":"2021-04-09T09:43:59","modified_gmt":"2021-04-09T09:43:59","slug":"md-intro","status":"publish","type":"post","link":"https:\/\/learngen.eu\/cs\/2021\/04\/09\/md-intro\/","title":{"rendered":"Motion Digital, kdo jsme a na\u0161e zapojen\u00ed do projektu LearnGen"},"content":{"rendered":"<div class=\"uk-padding-remove-top uk-section-default uk-section\">\n<div class=\"uk-container\">\n<div class=\"tm-grid-expand uk-child-width-1-1 uk-grid-margin uk-grid uk-grid-stack\">\n<div class=\"uk-first-column\">\n<h2 class=\"uk-h2 uk-scrollspy-inview uk-animation-fade\"><strong>Motion Digital, kdo jsme a na\u0161e zapojen\u00ed do projektu LearnGen<\/strong><\/h2>\n<\/div>\n<\/div>\n<div class=\"tm-grid-expand uk-child-width-1-1 uk-grid-margin uk-grid uk-grid-stack\">\n<div class=\"uk-first-column\">\n<div class=\"uk-panel uk-margin uk-scrollspy-inview uk-animation-fade\">\n<p>Motion Digital je start-up zalo\u017een\u00fd v roce 2019 se s\u00eddlem v \u010cesk\u00e9 Republice,\u00a0 v Praze, v srdci Evropy. Na\u0161\u00ed mis\u00ed je obohacovat \u017eivot lid\u00ed v udr\u017eiteln\u00e9m prost\u0159ed\u00ed pomoc\u00ed technologie, exponenci\u00e1ln\u00edho r\u016fstu a lidsk\u00e9ho rozvoje se z\u00e1m\u011brem podporovat lidi v celo\u017eivotn\u00edm vzd\u011bl\u00e1v\u00e1n\u00ed pro to, aby mohli vz\u00edt sv\u016fj \u017eivot do sv\u00fdch rukou a st\u00e1t se hybnou silou v systematick\u00fdch zm\u011bn\u00e1ch s c\u00edlem zlep\u0161en\u00ed kvality \u017eivota.<\/p>\n<p style=\"text-align: center;\">\u00a0Mezi na\u0161e hlavn\u00ed hodnoty pat\u0159\u00ed:<\/p>\n<p style=\"text-align: center;\">\u00a0Diverzita &amp; Inkluze<\/p>\n<p style=\"text-align: center;\">\u00a0Odpov\u011bdnost &amp; Udr\u017eitelnost<\/p>\n<p style=\"text-align: center;\">\u00a0Growth Mindset &#8211; R\u016fstov\u00e9 my\u0161len\u00ed<\/p>\n<p style=\"text-align: center;\">\u00a0\u00a0Up\u0159\u00edmnost &amp; Integrita<\/p>\n<p>V r\u00e1mci na\u0161\u00ed mise spolupracujeme s dal\u0161\u00edmi organizacemi a vzd\u011bl\u00e1vac\u00edmi institucemi v Evrop\u011b s podobn\u00fdm z\u00e1m\u011brem a pod\u00edl\u00edme se s nimi na mezin\u00e1rodn\u00edch projektech financovan\u00fdch z fond\u016f Erasmus+ s t\u00e9matikou wellbeingu, inkluze a udr\u017eitelnosti.<\/p>\n<p>Jsme hrd\u00fdm partnerem mezin\u00e1rodn\u00edho konsorcia, kter\u00e9 spole\u010dn\u011b pracuje na projektu s n\u00e1zvem <b>LearnGen: Mezigenera\u010dn\u00ed mentoring a vzd\u011bl\u00e1v\u00e1n\u00ed na pracovi\u0161ti. <\/b>Projekt se zam\u011b\u0159uje na \u0159e\u0161en\u00ed probl\u00e9m\u016f ageismu a soci\u00e1ln\u00edho vylou\u010den\u00ed na pracovi\u0161ti, na z\u00e1klad\u011b evidovan\u00e9 p\u0159edpojatosti, diskriminace a segregace marginalizovan\u00fdch pracovn\u00edk\u016f. Jak pro star\u0161\u00ed pracovn\u00edky, tak pro mlad\u00e9 je t\u0159eba rozv\u00edjet nezbytn\u00e9 z\u00e1kladn\u00ed dovednosti k tomu, aby se mohli navz\u00e1jem od sebe u\u010dit. Podle Evropsk\u00e9ho st\u0159ediska pro rozvoj odborn\u00e9ho vzd\u011bl\u00e1v\u00e1n\u00ed (Cedefop) pot\u0159ebuje 70% pracovn\u00edk\u016f v EU k pln\u011bn\u00ed sv\u00fdch \u00fakol\u016f alespo\u0148 m\u00edrn\u00e9 digit\u00e1ln\u00ed dovednosti. Tyto schopnosti se tak st\u00e1vaj\u00ed z\u00e1kladn\u00edm kamenem pot\u0159ebn\u00fdmi pro jejich zam\u011bstnatelnost a kari\u00e9rn\u00ed \u00fasp\u011bch. To je obzvl\u00e1\u0161t\u011b velk\u00fd probl\u00e9m pro star\u0161\u00ed zam\u011bstnance (ve v\u011bku nad 55 let), kte\u0159\u00ed \u010del\u00ed diskriminaci v zam\u011bstn\u00e1n\u00ed a p\u0159\u00edstupu ke zbo\u017e\u00ed a slu\u017eb\u00e1m (podle Eurobarometru z roku 2019 se 40% ob\u010dan\u016f EU domn\u00edv\u00e1, \u017ee v jejich zemi existuje roz\u0161\u00ed\u0159en\u00e1 diskriminace na z\u00e1klad\u011b v\u011bku).<\/p>\n<p>Ve spole\u010dnosti Motion Digital jsme nad\u0161en\u00ed, \u017ee se m\u016f\u017eeme pustit do tohoto projektu a v\u011b\u0159\u00edme v pozitivn\u00ed dopad na na\u0161i komunitu. N\u00e1\u0161 t\u00fdm a na\u0161i partne\u0159i vypracuj\u00ed a roz\u0161\u00ed\u0159\u00ed \u0161kol\u00edc\u00ed pl\u00e1n, ke kter\u00e9mu budou m\u00edt p\u0159\u00edstup a kter\u00fd budou moci pou\u017e\u00edvat mnoz\u00ed \u0161kolitel\u00e9, personalist\u00e9 a dal\u0161\u00ed mana\u017ee\u0159i. Sna\u017e\u00edme se tak pomoci star\u0161\u00edm pracovn\u00edk\u016fm zmen\u0161it jejich genera\u010dn\u00ed propast a z\u00e1rove\u0148 i zlep\u0161it dovednosti mlad\u0161\u00edch zam\u011bstnanc\u016f ve snaze podpo\u0159it mezigenera\u010dn\u00ed u\u010den\u00ed pro ob\u011b skupiny, pos\u00edlit jejich postaven\u00ed a zajistit jejich plynulou integraci na pracovi\u0161ti.<\/p>\n<\/div>\n<\/div>\n<\/div>\n<div class=\"tm-grid-expand uk-child-width-1-1 uk-grid-margin uk-grid uk-grid-stack\">\n<div class=\"uk-first-column custom-slideset\">\n\n<div class=\" widget-home widget-slider\" uk-slider=\"sets: true; autoplay: true ; autoplay-interval: 3000\">\n\n    \n    <div class=\"uk-position-relative uk-visible-toggle uk-margin\">\n\n        <ul class=\"uk-slider-items uk-grid uk-grid-match uk-child-width-1-1 uk-child-width-1-2@s uk-child-width-1-2@m uk-child-width-1-3@l uk-child-width-1-3@xl\">\n        \n            <li >\n\n                <div class=\"uk-panel uk-text-center\">\n\n                                        <a class=\"uk-position-cover uk-position-z-index\" href=\"https:\/\/learngen.eu\/cs\/2022\/12\/12\/valka-zacina-slovy\/\" title=\"V\u00e1lka za\u010d\u00edn\u00e1 slovy\"><\/a>\n                    \n                    \n                                        <div class=\"uk-text-center uk-margin uk-margin-remove-top\"><img decoding=\"async\" src=\"https:\/\/learngen.eu\/wp-content\/uploads\/2022\/12\/unnamed.jpg\" alt=\"V\u00e1lka za\u010d\u00edn\u00e1 slovy\"><\/div>\n                    \n                    \n                        \n                                                <h2 class=\"uk-h2 uk-margin-remove-top\">\n\n                                                            <a class=\"uk-link-reset\" href=\"https:\/\/learngen.eu\/cs\/2022\/12\/12\/valka-zacina-slovy\/\">V\u00e1lka za\u010d\u00edn\u00e1 slovy<\/a>\n                            \n                            \n                        <\/h2>\n                        \n                        \n                        \n                        \n                        \n                        \n                    \n                <\/div>\n\n            <\/li>\n\n        \n            <li >\n\n                <div class=\"uk-panel uk-text-center\">\n\n                                        <a class=\"uk-position-cover uk-position-z-index\" href=\"https:\/\/learngen.eu\/cs\/2022\/10\/13\/pozvanka-sila-rozmanitosti-na-pracovisti-workshopy-networking-posezeni-s-obcerstvenim\/\" title=\"Pozv\u00e1nka: S\u00edla rozmanitosti na pracovi\u0161ti &amp;#8211; workshopy, networking, posezen\u00ed s ob\u010derstven\u00edm\"><\/a>\n                    \n                    \n                                        <div class=\"uk-text-center uk-margin uk-margin-remove-top\"><img decoding=\"async\" src=\"https:\/\/learngen.eu\/wp-content\/uploads\/2022\/10\/unnamed.jpg\" alt=\"Pozv\u00e1nka: S\u00edla rozmanitosti na pracovi\u0161ti &#8211; workshopy, networking, posezen\u00ed s ob\u010derstven\u00edm\"><\/div>\n                    \n                    \n                        \n                                                <h2 class=\"uk-h2 uk-margin-remove-top\">\n\n                                                            <a class=\"uk-link-reset\" href=\"https:\/\/learngen.eu\/cs\/2022\/10\/13\/pozvanka-sila-rozmanitosti-na-pracovisti-workshopy-networking-posezeni-s-obcerstvenim\/\">Pozv\u00e1nka: S\u00edla rozmanitosti na pracovi\u0161ti &#8211; workshopy, networking, posezen\u00ed s ob\u010derstven\u00edm<\/a>\n                            \n                            \n                        <\/h2>\n                        \n                        \n                        \n                        \n                        \n                        \n                    \n                <\/div>\n\n            <\/li>\n\n        \n            <li >\n\n                <div class=\"uk-panel uk-text-center\">\n\n                                        <a class=\"uk-position-cover uk-position-z-index\" href=\"https:\/\/learngen.eu\/cs\/2022\/09\/05\/mentoring-v-praci-i-v-zivote-pilotni-skoleni-projektu-learngen\/\" title=\"Mentoring v pr\u00e1ci i v \u017eivot\u011b &amp;#8211; pilotn\u00ed \u0161kolen\u00ed projektu LearnGen\"><\/a>\n                    \n                    \n                                        <div class=\"uk-text-center uk-margin uk-margin-remove-top\"><img decoding=\"async\" src=\"https:\/\/learngen.eu\/wp-content\/uploads\/2022\/09\/unnamed-3.png\" alt=\"Mentoring v pr\u00e1ci i v \u017eivot\u011b &#8211; pilotn\u00ed \u0161kolen\u00ed projektu LearnGen\"><\/div>\n                    \n                    \n                        \n                                                <h2 class=\"uk-h2 uk-margin-remove-top\">\n\n                                                            <a class=\"uk-link-reset\" href=\"https:\/\/learngen.eu\/cs\/2022\/09\/05\/mentoring-v-praci-i-v-zivote-pilotni-skoleni-projektu-learngen\/\">Mentoring v pr\u00e1ci i v \u017eivot\u011b &#8211; pilotn\u00ed \u0161kolen\u00ed projektu LearnGen<\/a>\n                            \n                            \n                        <\/h2>\n                        \n                        \n                        \n                        \n                        \n                        \n                    \n                <\/div>\n\n            <\/li>\n\n        \n            <li >\n\n                <div class=\"uk-panel uk-text-center\">\n\n                                        <a class=\"uk-position-cover uk-position-z-index\" href=\"https:\/\/learngen.eu\/cs\/2022\/08\/02\/digitalni-a-medialni-gramotnost-je-na-pracovisti-nutnosti\/\" title=\"Digit\u00e1ln\u00ed a medi\u00e1ln\u00ed gramotnost je na pracovi\u0161ti nutnost\u00ed\"><\/a>\n                    \n                    \n                                        <div class=\"uk-text-center uk-margin uk-margin-remove-top\"><img decoding=\"async\" src=\"https:\/\/learngen.eu\/wp-content\/uploads\/2022\/08\/unnamed-1.jpg\" alt=\"Digit\u00e1ln\u00ed a medi\u00e1ln\u00ed gramotnost je na pracovi\u0161ti nutnost\u00ed\"><\/div>\n                    \n                    \n                        \n                                                <h2 class=\"uk-h2 uk-margin-remove-top\">\n\n                                                            <a class=\"uk-link-reset\" href=\"https:\/\/learngen.eu\/cs\/2022\/08\/02\/digitalni-a-medialni-gramotnost-je-na-pracovisti-nutnosti\/\">Digit\u00e1ln\u00ed a medi\u00e1ln\u00ed gramotnost je na pracovi\u0161ti nutnost\u00ed<\/a>\n                            \n                            \n                        <\/h2>\n                        \n                        \n                        \n                        \n                        \n                        \n                    \n                <\/div>\n\n            <\/li>\n\n        \n            <li >\n\n                <div class=\"uk-panel uk-text-center\">\n\n                                        <a class=\"uk-position-cover uk-position-z-index\" href=\"https:\/\/learngen.eu\/cs\/2022\/08\/02\/empatie-v-mentorskem-vztahu\/\" title=\"Empatie v mentorsk\u00e9m vztahu\"><\/a>\n                    \n                    \n                                        <div class=\"uk-text-center uk-margin uk-margin-remove-top\"><img decoding=\"async\" src=\"https:\/\/learngen.eu\/wp-content\/uploads\/2022\/08\/unnamed-2.png\" alt=\"Empatie v mentorsk\u00e9m vztahu\"><\/div>\n                    \n                    \n                        \n                                                <h2 class=\"uk-h2 uk-margin-remove-top\">\n\n                                                            <a class=\"uk-link-reset\" href=\"https:\/\/learngen.eu\/cs\/2022\/08\/02\/empatie-v-mentorskem-vztahu\/\">Empatie v mentorsk\u00e9m vztahu<\/a>\n                            \n                            \n                        <\/h2>\n                        \n                        \n                        \n                        \n                        \n                        \n                    \n                <\/div>\n\n            <\/li>\n\n        \n            <li >\n\n                <div class=\"uk-panel uk-text-center\">\n\n                                        <a class=\"uk-position-cover uk-position-z-index\" href=\"https:\/\/learngen.eu\/cs\/2022\/05\/11\/o-vekove-diverzite-a-praci-mistra-ceremonii-v-hr-s-marketou-pfleger\/\" title=\"O v\u011bkov\u00e9 diverzit\u011b a pr\u00e1ci \u201cmistra ceremoni\u00ed\u201d v HR  s Mark\u00e9tou Pfleger\"><\/a>\n                    \n                    \n                                        <div class=\"uk-text-center uk-margin uk-margin-remove-top\"><img decoding=\"async\" src=\"https:\/\/learngen.eu\/wp-content\/uploads\/2022\/05\/MarketaPflegerHeadshot.jpeg\" alt=\"O v\u011bkov\u00e9 diverzit\u011b a pr\u00e1ci \u201cmistra ceremoni\u00ed\u201d v HR  s Mark\u00e9tou Pfleger\"><\/div>\n                    \n                    \n                        \n                                                <h2 class=\"uk-h2 uk-margin-remove-top\">\n\n                                                            <a class=\"uk-link-reset\" href=\"https:\/\/learngen.eu\/cs\/2022\/05\/11\/o-vekove-diverzite-a-praci-mistra-ceremonii-v-hr-s-marketou-pfleger\/\">O v\u011bkov\u00e9 diverzit\u011b a pr\u00e1ci \u201cmistra ceremoni\u00ed\u201d v HR  s Mark\u00e9tou Pfleger<\/a>\n                            \n                            \n                        <\/h2>\n                        \n                        \n                        \n                        \n                        \n                        \n                    \n                <\/div>\n\n            <\/li>\n\n        \n            <li >\n\n                <div class=\"uk-panel uk-text-center\">\n\n                                        <a class=\"uk-position-cover uk-position-z-index\" href=\"https:\/\/learngen.eu\/cs\/2022\/02\/14\/jak-na-inkluzivni-komunikaci-v-psane-mluvene-i-vizualni-forme\/\" title=\"Jak na inkluzivn\u00ed komunikaci  v psan\u00e9, mluven\u00e9 i vizu\u00e1ln\u00ed form\u011b\"><\/a>\n                    \n                    \n                                        <div class=\"uk-text-center uk-margin uk-margin-remove-top\"><img decoding=\"async\" src=\"https:\/\/learngen.eu\/wp-content\/uploads\/2022\/02\/CZ222.png\" alt=\"Jak na inkluzivn\u00ed komunikaci  v psan\u00e9, mluven\u00e9 i vizu\u00e1ln\u00ed form\u011b\"><\/div>\n                    \n                    \n                        \n                                                <h2 class=\"uk-h2 uk-margin-remove-top\">\n\n                                                            <a class=\"uk-link-reset\" href=\"https:\/\/learngen.eu\/cs\/2022\/02\/14\/jak-na-inkluzivni-komunikaci-v-psane-mluvene-i-vizualni-forme\/\">Jak na inkluzivn\u00ed komunikaci  v psan\u00e9, mluven\u00e9 i vizu\u00e1ln\u00ed form\u011b<\/a>\n                            \n                            \n                        <\/h2>\n                        \n                        \n                        \n                        \n                        \n                        \n                    \n                <\/div>\n\n            <\/li>\n\n        \n            <li >\n\n                <div class=\"uk-panel uk-text-center\">\n\n                                        <a class=\"uk-position-cover uk-position-z-index\" href=\"https:\/\/learngen.eu\/cs\/2021\/12\/10\/vekova-rozmanitost-na-pracovisti-je-vyhoda-nikoliv-problem\/\" title=\"V\u011bkov\u00e1 rozmanitost na pracovi\u0161ti je v\u00fdhoda, nikoliv probl\u00e9m\"><\/a>\n                    \n                    \n                                        <div class=\"uk-text-center uk-margin uk-margin-remove-top\"><img decoding=\"async\" src=\"https:\/\/learngen.eu\/wp-content\/uploads\/2021\/12\/cz-november1.png\" alt=\"V\u011bkov\u00e1 rozmanitost na pracovi\u0161ti je v\u00fdhoda, nikoliv probl\u00e9m\"><\/div>\n                    \n                    \n                        \n                                                <h2 class=\"uk-h2 uk-margin-remove-top\">\n\n                                                            <a class=\"uk-link-reset\" href=\"https:\/\/learngen.eu\/cs\/2021\/12\/10\/vekova-rozmanitost-na-pracovisti-je-vyhoda-nikoliv-problem\/\">V\u011bkov\u00e1 rozmanitost na pracovi\u0161ti je v\u00fdhoda, nikoliv probl\u00e9m<\/a>\n                            \n                            \n                        <\/h2>\n                        \n                        \n                        \n                        \n                        \n                        \n                    \n                <\/div>\n\n            <\/li>\n\n        \n            <li >\n\n                <div class=\"uk-panel uk-text-center\">\n\n                                        <a class=\"uk-position-cover uk-position-z-index\" href=\"https:\/\/learngen.eu\/cs\/2021\/09\/23\/learngen-pozvanka-k-pilotnimu-skoleni-pro-hr-odbornikyce\/\" title=\"LearnGen: Pozv\u00e1nka k pilotn\u00edmu \u0161kolen\u00ed pro HR odborn\u00edky*ce\"><\/a>\n                    \n                    \n                                        <div class=\"uk-text-center uk-margin uk-margin-remove-top\"><img decoding=\"async\" src=\"https:\/\/learngen.eu\/wp-content\/uploads\/2021\/09\/artic-cz-sept.png\" alt=\"LearnGen: Pozv\u00e1nka k pilotn\u00edmu \u0161kolen\u00ed pro HR odborn\u00edky*ce\"><\/div>\n                    \n                    \n                        \n                                                <h2 class=\"uk-h2 uk-margin-remove-top\">\n\n                                                            <a class=\"uk-link-reset\" href=\"https:\/\/learngen.eu\/cs\/2021\/09\/23\/learngen-pozvanka-k-pilotnimu-skoleni-pro-hr-odbornikyce\/\">LearnGen: Pozv\u00e1nka k pilotn\u00edmu \u0161kolen\u00ed pro HR odborn\u00edky*ce<\/a>\n                            \n                            \n                        <\/h2>\n                        \n                        \n                        \n                        \n                        \n                        \n                    \n                <\/div>\n\n            <\/li>\n\n        \n            <li >\n\n                <div class=\"uk-panel uk-text-center\">\n\n                                        <a class=\"uk-position-cover uk-position-z-index\" href=\"https:\/\/learngen.eu\/cs\/2021\/08\/06\/mentoring-a-reverzni-mentoring-muze-pomoci-mezigeneracnimu-uceni-nebo-prohloubit-vekovou-diskriminaci\/\" title=\"Mentoring a reverzn\u00ed mentoring \u2013 m\u016f\u017ee pomoci mezigenera\u010dn\u00edmu u\u010den\u00ed nebo prohloubit v\u011bkovou diskriminaci?\"><\/a>\n                    \n                    \n                                        <div class=\"uk-text-center uk-margin uk-margin-remove-top\"><img decoding=\"async\" src=\"https:\/\/learngen.eu\/wp-content\/uploads\/2021\/08\/czimg.png\" alt=\"Mentoring a reverzn\u00ed mentoring \u2013 m\u016f\u017ee pomoci mezigenera\u010dn\u00edmu u\u010den\u00ed nebo prohloubit v\u011bkovou diskriminaci?\"><\/div>\n                    \n                    \n                        \n                                                <h2 class=\"uk-h2 uk-margin-remove-top\">\n\n                                                            <a class=\"uk-link-reset\" href=\"https:\/\/learngen.eu\/cs\/2021\/08\/06\/mentoring-a-reverzni-mentoring-muze-pomoci-mezigeneracnimu-uceni-nebo-prohloubit-vekovou-diskriminaci\/\">Mentoring a reverzn\u00ed mentoring \u2013 m\u016f\u017ee pomoci mezigenera\u010dn\u00edmu u\u010den\u00ed nebo prohloubit v\u011bkovou diskriminaci?<\/a>\n                            \n                            \n                        <\/h2>\n                        \n                        \n                        \n                        \n                        \n                        \n                    \n                <\/div>\n\n            <\/li>\n\n        \n            <li >\n\n                <div class=\"uk-panel uk-text-center\">\n\n                                        <a class=\"uk-position-cover uk-position-z-index\" href=\"https:\/\/learngen.eu\/cs\/2021\/06\/07\/ageismus-na-pracovisti-ve-svete-i-v-cechach\/\" title=\"Ageismus na pracovi\u0161ti  ve sv\u011bt\u011b i v \u010cech\u00e1ch\"><\/a>\n                    \n                    \n                                        <div class=\"uk-text-center uk-margin uk-margin-remove-top\"><img decoding=\"async\" src=\"https:\/\/learngen.eu\/wp-content\/uploads\/2021\/06\/pic1.jpg\" alt=\"Ageismus na pracovi\u0161ti  ve sv\u011bt\u011b i v \u010cech\u00e1ch\"><\/div>\n                    \n                    \n                        \n                                                <h2 class=\"uk-h2 uk-margin-remove-top\">\n\n                                                            <a class=\"uk-link-reset\" href=\"https:\/\/learngen.eu\/cs\/2021\/06\/07\/ageismus-na-pracovisti-ve-svete-i-v-cechach\/\">Ageismus na pracovi\u0161ti  ve sv\u011bt\u011b i v \u010cech\u00e1ch<\/a>\n                            \n                            \n                        <\/h2>\n                        \n                        \n                        \n                        \n                        \n                        \n                    \n                <\/div>\n\n            <\/li>\n\n        \n            <li >\n\n                <div class=\"uk-panel uk-text-center\">\n\n                                        <a class=\"uk-position-cover uk-position-z-index\" href=\"https:\/\/learngen.eu\/cs\/2021\/04\/09\/md-intro\/\" title=\"Motion Digital, kdo jsme a na\u0161e zapojen\u00ed do projektu LearnGen\"><\/a>\n                    \n                    \n                                        <div class=\"uk-text-center uk-margin uk-margin-remove-top\"><img decoding=\"async\" src=\"https:\/\/learngen.eu\/wp-content\/uploads\/2021\/03\/motion-digital.png\" alt=\"Motion Digital, kdo jsme a na\u0161e zapojen\u00ed do projektu LearnGen\"><\/div>\n                    \n                    \n                        \n                                                <h2 class=\"uk-h2 uk-margin-remove-top\">\n\n                                                            <a class=\"uk-link-reset\" href=\"https:\/\/learngen.eu\/cs\/2021\/04\/09\/md-intro\/\">Motion Digital, kdo jsme a na\u0161e zapojen\u00ed do projektu LearnGen<\/a>\n                            \n                            \n                        <\/h2>\n                        \n                        \n                        \n                        \n                        \n                        \n                    \n                <\/div>\n\n            <\/li>\n\n                <\/ul>\n\n        \n            \n                \n                    <a href=\"#\" class=\"uk-position-center-left uk-position-small uk-hidden-hover\" uk-slidenav-previous uk-slider-item=\"previous\"><\/a>\n                    <a href=\"#\" class=\"uk-position-center-right uk-position-small uk-hidden-hover\" uk-slidenav-next uk-slider-item=\"next\"><\/a>\n\n                \n            \n        \n    <\/div>\n\n    \n        <ul class=\"uk-slider-nav uk-dotnav uk-flex-center uk-margin-remove-bottom\"><\/ul>\n    \n    \n<\/div>\n\n<\/div>\n<\/div>\n<\/div>\n<\/div>\n","protected":false},"excerpt":{"rendered":"<p>Motion Digital, kdo jsme a na\u0161e zapojen\u00ed do projektu LearnGen Motion Digital je start-up zalo\u017een\u00fd v roce 2019 se s\u00eddlem&#8230;<\/p>\n","protected":false},"author":1,"featured_media":882,"comment_status":"closed","ping_status":"closed","sticky":false,"template":"","format":"standard","meta":{"_acf_changed":false,"footnotes":""},"categories":[16],"tags":[],"class_list":["post-871","post","type-post","status-publish","format-standard","has-post-thumbnail","hentry","category-news-cs"],"acf":[],"_links":{"self":[{"href":"https:\/\/learngen.eu\/cs\/wp-json\/wp\/v2\/posts\/871","targetHints":{"allow":["GET"]}}],"collection":[{"href":"https:\/\/learngen.eu\/cs\/wp-json\/wp\/v2\/posts"}],"about":[{"href":"https:\/\/learngen.eu\/cs\/wp-json\/wp\/v2\/types\/post"}],"author":[{"embeddable":true,"href":"https:\/\/learngen.eu\/cs\/wp-json\/wp\/v2\/users\/1"}],"replies":[{"embeddable":true,"href":"https:\/\/learngen.eu\/cs\/wp-json\/wp\/v2\/comments?post=871"}],"version-history":[{"count":1,"href":"https:\/\/learngen.eu\/cs\/wp-json\/wp\/v2\/posts\/871\/revisions"}],"predecessor-version":[{"id":872,"href":"https:\/\/learngen.eu\/cs\/wp-json\/wp\/v2\/posts\/871\/revisions\/872"}],"wp:featuredmedia":[{"embeddable":true,"href":"https:\/\/learngen.eu\/cs\/wp-json\/wp\/v2\/media\/882"}],"wp:attachment":[{"href":"https:\/\/learngen.eu\/cs\/wp-json\/wp\/v2\/media?parent=871"}],"wp:term":[{"taxonomy":"category","embeddable":true,"href":"https:\/\/learngen.eu\/cs\/wp-json\/wp\/v2\/categories?post=871"},{"taxonomy":"post_tag","embeddable":true,"href":"https:\/\/learngen.eu\/cs\/wp-json\/wp\/v2\/tags?post=871"}],"curies":[{"name":"wp","href":"https:\/\/api.w.org\/{rel}","templated":true}]}}