{"id":1757,"date":"2021-12-10T12:02:40","date_gmt":"2021-12-10T12:02:40","guid":{"rendered":"https:\/\/learngen.eu\/?p=1757"},"modified":"2021-12-10T12:02:40","modified_gmt":"2021-12-10T12:02:40","slug":"vekova-rozmanitost-na-pracovisti-je-vyhoda-nikoliv-problem","status":"publish","type":"post","link":"https:\/\/learngen.eu\/cs\/2021\/12\/10\/vekova-rozmanitost-na-pracovisti-je-vyhoda-nikoliv-problem\/","title":{"rendered":"V\u011bkov\u00e1 rozmanitost na pracovi\u0161ti je v\u00fdhoda, nikoliv probl\u00e9m"},"content":{"rendered":"<div class=\"uk-padding-remove-top uk-section-default uk-section\" uk-scrollspy=\"target: [uk-scrollspy-class]; cls: uk-animation-fade; delay: 200;\">\n<div class=\"uk-container\">\n<div class=\"tm-grid-expand uk-child-width-1-1 uk-grid-margin uk-grid uk-grid-stack\" uk-grid=\"\">\n<div class=\"uk-first-column\">\n<h2 class=\"uk-h2 uk-scrollspy-inview uk-animation-fade\" uk-scrollspy-class=\"\" style=\"\">\n<p><strong>V\u011bkov\u00e1 rozmanitost na pracovi\u0161ti je v\u00fdhoda, nikoliv probl\u00e9m<\/strong><\/p>\n<\/h2>\n<div class=\"uk-margin uk-text-center uk-scrollspy-inview uk-animation-fade\" uk-scrollspy-class=\"\" style=\"\">\n        <img decoding=\"async\" class=\"el-image\" alt=\"\" data-src=\"\/wp-content\/themes\/yootheme\/cache\/cz-november1-ffea68be.png\" data-srcset=\"\/wp-content\/themes\/yootheme\/cache\/cz-november1-ffea68be.png 572w, https:\/\/learngen.eu\/wp-admin\/admin-ajax.php?p=image&amp;action=kernel&amp;src=WyJ3cC1jb250ZW50XC91cGxvYWRzXC8yMDIxXC8xMlwvY3otbm92ZW1iZXIxLnBuZyIsW1siZG9SZXNpemUiLFs3NjgsNDAzLDc2OCw0MDNdXSxbImRvQ3JvcCIsWzc2OCw0MDMsMCwwXV1dXQ%3D%3D&amp;hash=8bd5aed38723dd9578f6834835d748da 768w, https:\/\/learngen.eu\/wp-admin\/admin-ajax.php?p=image&amp;action=kernel&amp;src=WyJ3cC1jb250ZW50XC91cGxvYWRzXC8yMDIxXC8xMlwvY3otbm92ZW1iZXIxLnBuZyIsW1siZG9SZXNpemUiLFsxMDI0LDUzNywxMDI0LDUzN11dLFsiZG9Dcm9wIixbMTAyNCw1MzcsMCwwXV1dXQ%3D%3D&amp;hash=93c0f9608be66bff00093a6b9d6cdc92 1024w, https:\/\/learngen.eu\/wp-admin\/admin-ajax.php?p=image&amp;action=kernel&amp;src=WyJ3cC1jb250ZW50XC91cGxvYWRzXC8yMDIxXC8xMlwvY3otbm92ZW1iZXIxLnBuZyIsW1siZG9SZXNpemUiLFsxMTQ0LDYwMCwxMTQ0LDYwMF1dLFsiZG9Dcm9wIixbMTE0NCw2MDAsMCwwXV1dXQ%3D%3D&amp;hash=ccd55000e610890e44eda3f389086071 1144w\" data-sizes=\"(min-width: 572px) 572px\" data-width=\"572\" data-height=\"300\" uk-img=\"\" src=\"https:\/\/learngen.eu\/wp-content\/themes\/yootheme\/cache\/cz-november1-ffea68be.png\" sizes=\"(min-width: 572px) 572px\" srcset=\"\/wp-content\/themes\/yootheme\/cache\/cz-november1-ffea68be.png 572w, https:\/\/learngen.eu\/wp-admin\/admin-ajax.php?p=image&amp;action=kernel&amp;src=WyJ3cC1jb250ZW50XC91cGxvYWRzXC8yMDIxXC8xMlwvY3otbm92ZW1iZXIxLnBuZyIsW1siZG9SZXNpemUiLFs3NjgsNDAzLDc2OCw0MDNdXSxbImRvQ3JvcCIsWzc2OCw0MDMsMCwwXV1dXQ%3D%3D&amp;hash=8bd5aed38723dd9578f6834835d748da 768w, https:\/\/learngen.eu\/wp-admin\/admin-ajax.php?p=image&amp;action=kernel&amp;src=WyJ3cC1jb250ZW50XC91cGxvYWRzXC8yMDIxXC8xMlwvY3otbm92ZW1iZXIxLnBuZyIsW1siZG9SZXNpemUiLFsxMDI0LDUzNywxMDI0LDUzN11dLFsiZG9Dcm9wIixbMTAyNCw1MzcsMCwwXV1dXQ%3D%3D&amp;hash=93c0f9608be66bff00093a6b9d6cdc92 1024w, https:\/\/learngen.eu\/wp-admin\/admin-ajax.php?p=image&amp;action=kernel&amp;src=WyJ3cC1jb250ZW50XC91cGxvYWRzXC8yMDIxXC8xMlwvY3otbm92ZW1iZXIxLnBuZyIsW1siZG9SZXNpemUiLFsxMTQ0LDYwMCwxMTQ0LDYwMF1dLFsiZG9Dcm9wIixbMTE0NCw2MDAsMCwwXV1dXQ%3D%3D&amp;hash=ccd55000e610890e44eda3f389086071 1144w\">    <\/p>\n<\/div>\n<div class=\"uk-panel uk-margin uk-scrollspy-inview uk-animation-fade\" uk-scrollspy-class=\"\" style=\"\">\n<h1>Pilotn\u00ed \u0161kolen\u00ed mezigenera\u010dn\u00edho kurikula<\/h1>\n<p>Ve dnech 4. a 6. 10. prob\u011bhlo pilotn\u00ed \u0161kolen\u00ed prvn\u00edch vzd\u011bl\u00e1vac\u00edch materi\u00e1l\u016f projektu <strong>LearnGen<\/strong>. D\u00edky tomu, \u017ee jsme \u0161kolen\u00ed uskute\u010dnili online, \u00fa\u010dastn\u00edci a \u00fa\u010dastnice se mohli p\u0159ipojit bez cestovn\u00edch n\u00e1klad\u016f z r\u016fzn\u00fdch kout\u016f \u010cesk\u00e9 republiky.&nbsp; P\u0159ipojili se odbornice a odborn\u00edci na HR, kari\u00e9rov\u00ed poradci a kou\u010dky a dal\u0161\u00ed \u0161kolitel\u00e9 a \u0161kolitelky v oboru pr\u00e1ce s lidmi.<\/p>\n<p>Detailn\u011b p\u0159ipraven\u00e9 materi\u00e1ly projektu, na kter\u00fdch pracovalo cel\u00e9 odborn\u00e9 mezin\u00e1rodn\u00ed konsorcium, zahrnovaly nejen vysv\u011btlen\u00ed z\u00e1kladn\u00edch pojm\u016f jako je ageismus, v\u011bkov\u00e1 diskriminace, v\u011bkov\u00e1 diverzita, inkluze, mentoring a reverzn\u00ed mentoring, ale tak\u00e9 strategie, jak v organizac\u00edch s t\u011bmito elementy p\u0159esn\u011b pracovat. V\u0161echny materi\u00e1ly jsou um\u00edst\u011bn\u00e9 na digit\u00e1ln\u00ed e-learningov\u00e9 platform\u011b a jej\u00ed u\u017eivatelskou kvalitu jsme pilotn\u00edm \u0161kolen\u00edm tak\u00e9 cht\u011bli otestovat.<\/p>\n<p>\u0160kolen\u00edm a v\u0161emi materi\u00e1ly provedla z\u00fa\u010dastn\u011bn\u00e9 skv\u011bl\u00e1 <a href=\"https:\/\/www.linkedin.com\/in\/margaret-starka-be-dna\/\"><strong>Margaret Starka<\/strong><\/a>, zku\u0161en\u00e1 mana\u017eerka a \u0161kolitelka pr\u00e1v\u011b v oboru inkluze, diverzity a mezigenera\u010dn\u00edho mentoringu na pracovi\u0161ti.<\/p>\n<p>Nejv\u011bt\u0161\u00edm p\u0159\u00ednosem v\u0161ak krom\u011b vzd\u011bl\u00e1vac\u00edch materi\u00e1l\u016f byly Margaretiny post\u0159ehy z praxe, konkr\u00e9tn\u00ed tipy jak pracovat v organizaci s v\u011bkovou diskriminac\u00ed, s p\u0159edsudky a jak zav\u00e1d\u011bt mezigenera\u010dn\u00ed mentoring.<\/p>\n<h1>Zde je p\u00e1r perli\u010dek, kter\u00e9 n\u00e1m a \u00fa\u010dastn\u00edk\u016fm od Margarety utkv\u011bly nejv\u00edce v pam\u011bti:<\/h1>\n<ul>\n<li>vn\u00edmejte v\u011bkovou rozmanitost jako <strong>p\u0159\u00edle\u017eitost<\/strong>, nikoli jako probl\u00e9m<\/li>\n<li>vzhledem k tomu, \u017ee populace EU st\u00e1rne, nen\u00ed motivace organizac\u00ed zam\u011b\u0159it se na age management volbou, ale <strong>nutnost\u00ed<\/strong><\/li>\n<li>v\u011bkov\u00e1 diskriminace se d\u011bje i v\u016f\u010di <strong>mlad\u00fdm lidem<\/strong><\/li>\n<li>age management a programy mentoringu <strong>pro lidi <\/strong>pl\u00e1nujte <strong>spole\u010dn\u011b s lidmi<\/strong><\/li>\n<li>kdy\u017e ve firm\u011b analyzujete <strong>vzd\u011bl\u00e1vac\u00ed pot\u0159eby<\/strong> lid\u00ed, ptejte se tak\u00e9 na <strong>styly u\u010den\u00ed<\/strong> (n\u011bkdo se l\u00e9pe u\u010d\u00ed samostudiem, \u010detbou, n\u011bkdo pot\u0159ebuje individu\u00e1ln\u00edho mentora, n\u011bkdo se l\u00e9pe u\u010d\u00ed ve skupin\u011b apod.)<\/li>\n<li>na \u0161kolen\u00ed lid\u00ed a mentoring je t\u0159eba pohl\u00ed\u017eet z mnoha \u00fahl\u016f pohledu \u2013 m\u00edsto pou\u017eit\u00ed term\u00ednu dv\u011b strany jedn\u00e9 mince pou\u017eijte term\u00edn <strong>mnoho stran\/\u00fahl\u016f diamantu<\/strong><\/li>\n<li>inspirace pro vzd\u011bl\u00e1vac\u00ed programy na t\u00e9ma v\u011bkov\u00e9 diverzity lze nal\u00e9zt ve statistik\u00e1ch, datech a dal\u0161\u00edch studijn\u00edch materi\u00e1lech, ale tak\u00e9 <strong>v ka\u017edodenn\u00edm \u017eivot\u011b <\/strong>\u2013 m\u016f\u017eeme se u\u010dit nap\u0159\u00edklad z interakce s mlad\u0161\u00edmi nebo star\u0161\u00edmi \u010dleny na\u0161ich rodin a komunit, od na\u0161ich d\u011bt\u00ed \u010di babi\u010dek<\/li>\n<\/ul>\n<h1>Co d\u00e1l?<\/h1>\n<p>D\u011bkujeme v\u0161em z\u00fa\u010dastn\u011bn\u00fdm za zp\u011btnou vazbu na obsah materi\u00e1l\u016f i na to, jak se jim pracovalo s e-learninovou platformou. Nyn\u00ed lad\u00edme v\u0161echny detaily tak, aby se v\u0161em profesion\u00e1l\u016fm, kte\u0159\u00ed se o toto t\u00e9ma zaj\u00edmaj\u00ed, s platformou pracovalo co nejl\u00e9pe. Aby platforma slou\u017eila jako \u00falo\u017ei\u0161t\u011b cenn\u00fdch informac\u00ed i dokument\u016f, kter\u00e9 si m\u016f\u017eete ZDARMA st\u00e1hnout a upravit pro pot\u0159eby va\u0161eho vlastn\u00edho \u0161kolen\u00ed \u010di va\u0161\u00ed vlastn\u00ed organizace. E-learningov\u00e1 platforma je ji\u017e ve\u0159ejn\u011b p\u0159\u00edstupn\u00e1, i kdy\u017e jej\u00ed obsah a funk\u010dnost st\u00e1le vylep\u0161ujeme. M\u016f\u017eete se na ni pod\u00edvat <a href=\"https:\/\/learngen.eu\/cs\/e-learning\/\">ZDE.<\/a><\/p>\n<p>P\u0159ipravujeme tak\u00e9 dal\u0161\u00ed sadu vzd\u011bl\u00e1vac\u00edch materi\u00e1l\u016f a dal\u0161\u00ed \u0161kolen\u00ed, kter\u00e9 bude ji\u017e zam\u011b\u0159en\u00e9 na to, <strong>jak konkr\u00e9tn\u011b vy\u0161kolit a podpo\u0159it mlad\u0161\u00ed a star\u0161\u00ed pracovn\u00edky ve vz\u00e1jemn\u00e9m mentoringu.&nbsp; <\/strong><\/p>\n<h1>M\u00e1te z\u00e1jem se s n\u00e1mi vzd\u011bl\u00e1vat a podpo\u0159it projekt?<\/h1>\n<p>Sledujte Facebookovou str\u00e1nku projektu <a href=\"https:\/\/www.facebook.com\/learngeneu\">LearnGen<\/a> i <a href=\"https:\/\/www.facebook.com\/motiondigitaleu\">Motion Digital.<\/a> Nebo napi\u0161te vedouc\u00ed projektu <strong>LearnGen <\/strong>za \u010ceskou republiku Jan\u011b Kyriakou: <a href=\"mailto:jana.kyriakou@motiondigital.eu\">jana.kyriakou@motiondigital.eu<\/a>.<\/p>\n<\/p>\n<\/p>\n<ol start=\"10\">\n<li><em> 11. 2021<\/em><\/li>\n<\/ol>\n<p><em>Autorka: Jana Kyriakou, Motion Digital<\/em><\/p>\n<\/p>\n<\/div>\n<\/div>\n<\/div>\n<div class=\"tm-grid-expand uk-child-width-1-1 uk-grid-margin uk-grid uk-grid-stack\" uk-grid=\"\">\n<div class=\"uk-grid-item-match uk-flex-middle uk-first-column\">\n<div class=\"uk-panel uk-width-1-1\">\n<div class=\"uk-panel uk-margin\" uk-scrollspy-class=\"\" style=\"visibility: hidden;\">\n<div class=\" widget-home widget-slider\" uk-slider=\"sets: true; autoplay: true ; autoplay-interval: 3000\">\n\n    \n    <div class=\"uk-position-relative uk-visible-toggle uk-margin\">\n\n        <ul class=\"uk-slider-items uk-grid uk-grid-match uk-child-width-1-1 uk-child-width-1-2@s uk-child-width-1-2@m uk-child-width-1-3@l uk-child-width-1-3@xl\">\n        \n            <li >\n\n                <div class=\"uk-panel uk-text-center\">\n\n                                        <a class=\"uk-position-cover uk-position-z-index\" href=\"https:\/\/learngen.eu\/cs\/2022\/12\/12\/valka-zacina-slovy\/\" title=\"V\u00e1lka za\u010d\u00edn\u00e1 slovy\"><\/a>\n                    \n                    \n                                        <div class=\"uk-text-center uk-margin uk-margin-remove-top\"><img decoding=\"async\" src=\"https:\/\/learngen.eu\/wp-content\/uploads\/2022\/12\/unnamed.jpg\" alt=\"V\u00e1lka za\u010d\u00edn\u00e1 slovy\"><\/div>\n                    \n                    \n                        \n                                                <h2 class=\"uk-h2 uk-margin-remove-top\">\n\n                                                            <a class=\"uk-link-reset\" href=\"https:\/\/learngen.eu\/cs\/2022\/12\/12\/valka-zacina-slovy\/\">V\u00e1lka za\u010d\u00edn\u00e1 slovy<\/a>\n                            \n                            \n                        <\/h2>\n                        \n                        \n                        \n                        \n                        \n                        \n                    \n                <\/div>\n\n            <\/li>\n\n        \n            <li >\n\n                <div class=\"uk-panel uk-text-center\">\n\n                                        <a class=\"uk-position-cover uk-position-z-index\" href=\"https:\/\/learngen.eu\/cs\/2022\/10\/13\/pozvanka-sila-rozmanitosti-na-pracovisti-workshopy-networking-posezeni-s-obcerstvenim\/\" title=\"Pozv\u00e1nka: S\u00edla rozmanitosti na pracovi\u0161ti &amp;#8211; workshopy, networking, posezen\u00ed s ob\u010derstven\u00edm\"><\/a>\n                    \n                    \n                                        <div class=\"uk-text-center uk-margin uk-margin-remove-top\"><img decoding=\"async\" src=\"https:\/\/learngen.eu\/wp-content\/uploads\/2022\/10\/unnamed.jpg\" alt=\"Pozv\u00e1nka: S\u00edla rozmanitosti na pracovi\u0161ti &#8211; workshopy, networking, posezen\u00ed s ob\u010derstven\u00edm\"><\/div>\n                    \n                    \n                        \n                                                <h2 class=\"uk-h2 uk-margin-remove-top\">\n\n                                                            <a class=\"uk-link-reset\" href=\"https:\/\/learngen.eu\/cs\/2022\/10\/13\/pozvanka-sila-rozmanitosti-na-pracovisti-workshopy-networking-posezeni-s-obcerstvenim\/\">Pozv\u00e1nka: S\u00edla rozmanitosti na pracovi\u0161ti &#8211; workshopy, networking, posezen\u00ed s ob\u010derstven\u00edm<\/a>\n                            \n                            \n                        <\/h2>\n                        \n                        \n                        \n                        \n                        \n                        \n                    \n                <\/div>\n\n            <\/li>\n\n        \n            <li >\n\n                <div class=\"uk-panel uk-text-center\">\n\n                                        <a class=\"uk-position-cover uk-position-z-index\" href=\"https:\/\/learngen.eu\/cs\/2022\/09\/05\/mentoring-v-praci-i-v-zivote-pilotni-skoleni-projektu-learngen\/\" title=\"Mentoring v pr\u00e1ci i v \u017eivot\u011b &amp;#8211; pilotn\u00ed \u0161kolen\u00ed projektu LearnGen\"><\/a>\n                    \n                    \n                                        <div class=\"uk-text-center uk-margin uk-margin-remove-top\"><img decoding=\"async\" src=\"https:\/\/learngen.eu\/wp-content\/uploads\/2022\/09\/unnamed-3.png\" alt=\"Mentoring v pr\u00e1ci i v \u017eivot\u011b &#8211; pilotn\u00ed \u0161kolen\u00ed projektu LearnGen\"><\/div>\n                    \n                    \n                        \n                                                <h2 class=\"uk-h2 uk-margin-remove-top\">\n\n                                                            <a class=\"uk-link-reset\" href=\"https:\/\/learngen.eu\/cs\/2022\/09\/05\/mentoring-v-praci-i-v-zivote-pilotni-skoleni-projektu-learngen\/\">Mentoring v pr\u00e1ci i v \u017eivot\u011b &#8211; pilotn\u00ed \u0161kolen\u00ed projektu LearnGen<\/a>\n                            \n                            \n                        <\/h2>\n                        \n                        \n                        \n                        \n                        \n                        \n                    \n                <\/div>\n\n            <\/li>\n\n        \n            <li >\n\n                <div class=\"uk-panel uk-text-center\">\n\n                                        <a class=\"uk-position-cover uk-position-z-index\" href=\"https:\/\/learngen.eu\/cs\/2022\/08\/02\/digitalni-a-medialni-gramotnost-je-na-pracovisti-nutnosti\/\" title=\"Digit\u00e1ln\u00ed a medi\u00e1ln\u00ed gramotnost je na pracovi\u0161ti nutnost\u00ed\"><\/a>\n                    \n                    \n                                        <div class=\"uk-text-center uk-margin uk-margin-remove-top\"><img decoding=\"async\" src=\"https:\/\/learngen.eu\/wp-content\/uploads\/2022\/08\/unnamed-1.jpg\" alt=\"Digit\u00e1ln\u00ed a medi\u00e1ln\u00ed gramotnost je na pracovi\u0161ti nutnost\u00ed\"><\/div>\n                    \n                    \n                        \n                                                <h2 class=\"uk-h2 uk-margin-remove-top\">\n\n                                                            <a class=\"uk-link-reset\" href=\"https:\/\/learngen.eu\/cs\/2022\/08\/02\/digitalni-a-medialni-gramotnost-je-na-pracovisti-nutnosti\/\">Digit\u00e1ln\u00ed a medi\u00e1ln\u00ed gramotnost je na pracovi\u0161ti nutnost\u00ed<\/a>\n                            \n                            \n                        <\/h2>\n                        \n                        \n                        \n                        \n                        \n                        \n                    \n                <\/div>\n\n            <\/li>\n\n        \n            <li >\n\n                <div class=\"uk-panel uk-text-center\">\n\n                                        <a class=\"uk-position-cover uk-position-z-index\" href=\"https:\/\/learngen.eu\/cs\/2022\/08\/02\/empatie-v-mentorskem-vztahu\/\" title=\"Empatie v mentorsk\u00e9m vztahu\"><\/a>\n                    \n                    \n                                        <div class=\"uk-text-center uk-margin uk-margin-remove-top\"><img decoding=\"async\" src=\"https:\/\/learngen.eu\/wp-content\/uploads\/2022\/08\/unnamed-2.png\" alt=\"Empatie v mentorsk\u00e9m vztahu\"><\/div>\n                    \n                    \n                        \n                                                <h2 class=\"uk-h2 uk-margin-remove-top\">\n\n                                                            <a class=\"uk-link-reset\" href=\"https:\/\/learngen.eu\/cs\/2022\/08\/02\/empatie-v-mentorskem-vztahu\/\">Empatie v mentorsk\u00e9m vztahu<\/a>\n                            \n                            \n                        <\/h2>\n                        \n                        \n                        \n                        \n                        \n                        \n                    \n                <\/div>\n\n            <\/li>\n\n        \n            <li >\n\n                <div class=\"uk-panel uk-text-center\">\n\n                                        <a class=\"uk-position-cover uk-position-z-index\" href=\"https:\/\/learngen.eu\/cs\/2022\/05\/11\/o-vekove-diverzite-a-praci-mistra-ceremonii-v-hr-s-marketou-pfleger\/\" title=\"O v\u011bkov\u00e9 diverzit\u011b a pr\u00e1ci \u201cmistra ceremoni\u00ed\u201d v HR  s Mark\u00e9tou Pfleger\"><\/a>\n                    \n                    \n                                        <div class=\"uk-text-center uk-margin uk-margin-remove-top\"><img decoding=\"async\" src=\"https:\/\/learngen.eu\/wp-content\/uploads\/2022\/05\/MarketaPflegerHeadshot.jpeg\" alt=\"O v\u011bkov\u00e9 diverzit\u011b a pr\u00e1ci \u201cmistra ceremoni\u00ed\u201d v HR  s Mark\u00e9tou Pfleger\"><\/div>\n                    \n                    \n                        \n                                                <h2 class=\"uk-h2 uk-margin-remove-top\">\n\n                                                            <a class=\"uk-link-reset\" href=\"https:\/\/learngen.eu\/cs\/2022\/05\/11\/o-vekove-diverzite-a-praci-mistra-ceremonii-v-hr-s-marketou-pfleger\/\">O v\u011bkov\u00e9 diverzit\u011b a pr\u00e1ci \u201cmistra ceremoni\u00ed\u201d v HR  s Mark\u00e9tou Pfleger<\/a>\n                            \n                            \n                        <\/h2>\n                        \n                        \n                        \n                        \n                        \n                        \n                    \n                <\/div>\n\n            <\/li>\n\n        \n            <li >\n\n                <div class=\"uk-panel uk-text-center\">\n\n                                        <a class=\"uk-position-cover uk-position-z-index\" href=\"https:\/\/learngen.eu\/cs\/2022\/02\/14\/jak-na-inkluzivni-komunikaci-v-psane-mluvene-i-vizualni-forme\/\" title=\"Jak na inkluzivn\u00ed komunikaci  v psan\u00e9, mluven\u00e9 i vizu\u00e1ln\u00ed form\u011b\"><\/a>\n                    \n                    \n                                        <div class=\"uk-text-center uk-margin uk-margin-remove-top\"><img decoding=\"async\" src=\"https:\/\/learngen.eu\/wp-content\/uploads\/2022\/02\/CZ222.png\" alt=\"Jak na inkluzivn\u00ed komunikaci  v psan\u00e9, mluven\u00e9 i vizu\u00e1ln\u00ed form\u011b\"><\/div>\n                    \n                    \n                        \n                                                <h2 class=\"uk-h2 uk-margin-remove-top\">\n\n                                                            <a class=\"uk-link-reset\" href=\"https:\/\/learngen.eu\/cs\/2022\/02\/14\/jak-na-inkluzivni-komunikaci-v-psane-mluvene-i-vizualni-forme\/\">Jak na inkluzivn\u00ed komunikaci  v psan\u00e9, mluven\u00e9 i vizu\u00e1ln\u00ed form\u011b<\/a>\n                            \n                            \n                        <\/h2>\n                        \n                        \n                        \n                        \n                        \n                        \n                    \n                <\/div>\n\n            <\/li>\n\n        \n            <li >\n\n                <div class=\"uk-panel uk-text-center\">\n\n                                        <a class=\"uk-position-cover uk-position-z-index\" href=\"https:\/\/learngen.eu\/cs\/2021\/12\/10\/vekova-rozmanitost-na-pracovisti-je-vyhoda-nikoliv-problem\/\" title=\"V\u011bkov\u00e1 rozmanitost na pracovi\u0161ti je v\u00fdhoda, nikoliv probl\u00e9m\"><\/a>\n                    \n                    \n                                        <div class=\"uk-text-center uk-margin uk-margin-remove-top\"><img decoding=\"async\" src=\"https:\/\/learngen.eu\/wp-content\/uploads\/2021\/12\/cz-november1.png\" alt=\"V\u011bkov\u00e1 rozmanitost na pracovi\u0161ti je v\u00fdhoda, nikoliv probl\u00e9m\"><\/div>\n                    \n                    \n                        \n                                                <h2 class=\"uk-h2 uk-margin-remove-top\">\n\n                                                            <a class=\"uk-link-reset\" href=\"https:\/\/learngen.eu\/cs\/2021\/12\/10\/vekova-rozmanitost-na-pracovisti-je-vyhoda-nikoliv-problem\/\">V\u011bkov\u00e1 rozmanitost na pracovi\u0161ti je v\u00fdhoda, nikoliv probl\u00e9m<\/a>\n                            \n                            \n                        <\/h2>\n                        \n                        \n                        \n                        \n                        \n                        \n                    \n                <\/div>\n\n            <\/li>\n\n        \n            <li >\n\n                <div class=\"uk-panel uk-text-center\">\n\n                                        <a class=\"uk-position-cover uk-position-z-index\" href=\"https:\/\/learngen.eu\/cs\/2021\/09\/23\/learngen-pozvanka-k-pilotnimu-skoleni-pro-hr-odbornikyce\/\" title=\"LearnGen: Pozv\u00e1nka k pilotn\u00edmu \u0161kolen\u00ed pro HR odborn\u00edky*ce\"><\/a>\n                    \n                    \n                                        <div class=\"uk-text-center uk-margin uk-margin-remove-top\"><img decoding=\"async\" src=\"https:\/\/learngen.eu\/wp-content\/uploads\/2021\/09\/artic-cz-sept.png\" alt=\"LearnGen: Pozv\u00e1nka k pilotn\u00edmu \u0161kolen\u00ed pro HR odborn\u00edky*ce\"><\/div>\n                    \n                    \n                        \n                                                <h2 class=\"uk-h2 uk-margin-remove-top\">\n\n                                                            <a class=\"uk-link-reset\" href=\"https:\/\/learngen.eu\/cs\/2021\/09\/23\/learngen-pozvanka-k-pilotnimu-skoleni-pro-hr-odbornikyce\/\">LearnGen: Pozv\u00e1nka k pilotn\u00edmu \u0161kolen\u00ed pro HR odborn\u00edky*ce<\/a>\n                            \n                            \n                        <\/h2>\n                        \n                        \n                        \n                        \n                        \n                        \n                    \n                <\/div>\n\n            <\/li>\n\n        \n            <li >\n\n                <div class=\"uk-panel uk-text-center\">\n\n                                        <a class=\"uk-position-cover uk-position-z-index\" href=\"https:\/\/learngen.eu\/cs\/2021\/08\/06\/mentoring-a-reverzni-mentoring-muze-pomoci-mezigeneracnimu-uceni-nebo-prohloubit-vekovou-diskriminaci\/\" title=\"Mentoring a reverzn\u00ed mentoring \u2013 m\u016f\u017ee pomoci mezigenera\u010dn\u00edmu u\u010den\u00ed nebo prohloubit v\u011bkovou diskriminaci?\"><\/a>\n                    \n                    \n                                        <div class=\"uk-text-center uk-margin uk-margin-remove-top\"><img decoding=\"async\" src=\"https:\/\/learngen.eu\/wp-content\/uploads\/2021\/08\/czimg.png\" alt=\"Mentoring a reverzn\u00ed mentoring \u2013 m\u016f\u017ee pomoci mezigenera\u010dn\u00edmu u\u010den\u00ed nebo prohloubit v\u011bkovou diskriminaci?\"><\/div>\n                    \n                    \n                        \n                                                <h2 class=\"uk-h2 uk-margin-remove-top\">\n\n                                                            <a class=\"uk-link-reset\" href=\"https:\/\/learngen.eu\/cs\/2021\/08\/06\/mentoring-a-reverzni-mentoring-muze-pomoci-mezigeneracnimu-uceni-nebo-prohloubit-vekovou-diskriminaci\/\">Mentoring a reverzn\u00ed mentoring \u2013 m\u016f\u017ee pomoci mezigenera\u010dn\u00edmu u\u010den\u00ed nebo prohloubit v\u011bkovou diskriminaci?<\/a>\n                            \n                            \n                        <\/h2>\n                        \n                        \n                        \n                        \n                        \n                        \n                    \n                <\/div>\n\n            <\/li>\n\n        \n            <li >\n\n                <div class=\"uk-panel uk-text-center\">\n\n                                        <a class=\"uk-position-cover uk-position-z-index\" href=\"https:\/\/learngen.eu\/cs\/2021\/06\/07\/ageismus-na-pracovisti-ve-svete-i-v-cechach\/\" title=\"Ageismus na pracovi\u0161ti  ve sv\u011bt\u011b i v \u010cech\u00e1ch\"><\/a>\n                    \n                    \n                                        <div class=\"uk-text-center uk-margin uk-margin-remove-top\"><img decoding=\"async\" src=\"https:\/\/learngen.eu\/wp-content\/uploads\/2021\/06\/pic1.jpg\" alt=\"Ageismus na pracovi\u0161ti  ve sv\u011bt\u011b i v \u010cech\u00e1ch\"><\/div>\n                    \n                    \n                        \n                                                <h2 class=\"uk-h2 uk-margin-remove-top\">\n\n                                                            <a class=\"uk-link-reset\" href=\"https:\/\/learngen.eu\/cs\/2021\/06\/07\/ageismus-na-pracovisti-ve-svete-i-v-cechach\/\">Ageismus na pracovi\u0161ti  ve sv\u011bt\u011b i v \u010cech\u00e1ch<\/a>\n                            \n                            \n                        <\/h2>\n                        \n                        \n                        \n                        \n                        \n                        \n                    \n                <\/div>\n\n            <\/li>\n\n        \n            <li >\n\n                <div class=\"uk-panel uk-text-center\">\n\n                                        <a class=\"uk-position-cover uk-position-z-index\" href=\"https:\/\/learngen.eu\/cs\/2021\/04\/09\/md-intro\/\" title=\"Motion Digital, kdo jsme a na\u0161e zapojen\u00ed do projektu LearnGen\"><\/a>\n                    \n                    \n                                        <div class=\"uk-text-center uk-margin uk-margin-remove-top\"><img decoding=\"async\" src=\"https:\/\/learngen.eu\/wp-content\/uploads\/2021\/03\/motion-digital.png\" alt=\"Motion Digital, kdo jsme a na\u0161e zapojen\u00ed do projektu LearnGen\"><\/div>\n                    \n                    \n                        \n                                                <h2 class=\"uk-h2 uk-margin-remove-top\">\n\n                                                            <a class=\"uk-link-reset\" href=\"https:\/\/learngen.eu\/cs\/2021\/04\/09\/md-intro\/\">Motion Digital, kdo jsme a na\u0161e zapojen\u00ed do projektu LearnGen<\/a>\n                            \n                            \n                        <\/h2>\n                        \n                        \n                        \n                        \n                        \n                        \n                    \n                <\/div>\n\n            <\/li>\n\n                <\/ul>\n\n        \n            \n                \n                    <a href=\"#\" class=\"uk-position-center-left uk-position-small uk-hidden-hover\" uk-slidenav-previous uk-slider-item=\"previous\"><\/a>\n                    <a href=\"#\" class=\"uk-position-center-right uk-position-small uk-hidden-hover\" uk-slidenav-next uk-slider-item=\"next\"><\/a>\n\n                \n            \n        \n    <\/div>\n\n    \n        <ul class=\"uk-slider-nav uk-dotnav uk-flex-center uk-margin-remove-bottom\"><\/ul>\n    \n    \n<\/div>\n<\/div>\n<\/p><\/div>\n<\/div>\n<\/div><\/div>\n<style>h1 {\n    color: #96D3CD;\n    font-size: 25px;\n}<\/style>\n<\/div>\n","protected":false},"excerpt":{"rendered":"<p>V\u011bkov\u00e1 rozmanitost na pracovi\u0161ti je v\u00fdhoda, nikoliv probl\u00e9m Pilotn\u00ed \u0161kolen\u00ed mezigenera\u010dn\u00edho kurikula Ve dnech 4. a 6. 10. prob\u011bhlo pilotn\u00ed&#8230;<\/p>\n","protected":false},"author":1,"featured_media":1758,"comment_status":"closed","ping_status":"closed","sticky":false,"template":"","format":"standard","meta":{"_acf_changed":false,"footnotes":""},"categories":[16],"tags":[],"class_list":["post-1757","post","type-post","status-publish","format-standard","has-post-thumbnail","hentry","category-news-cs"],"acf":[],"_links":{"self":[{"href":"https:\/\/learngen.eu\/cs\/wp-json\/wp\/v2\/posts\/1757","targetHints":{"allow":["GET"]}}],"collection":[{"href":"https:\/\/learngen.eu\/cs\/wp-json\/wp\/v2\/posts"}],"about":[{"href":"https:\/\/learngen.eu\/cs\/wp-json\/wp\/v2\/types\/post"}],"author":[{"embeddable":true,"href":"https:\/\/learngen.eu\/cs\/wp-json\/wp\/v2\/users\/1"}],"replies":[{"embeddable":true,"href":"https:\/\/learngen.eu\/cs\/wp-json\/wp\/v2\/comments?post=1757"}],"version-history":[{"count":1,"href":"https:\/\/learngen.eu\/cs\/wp-json\/wp\/v2\/posts\/1757\/revisions"}],"predecessor-version":[{"id":1766,"href":"https:\/\/learngen.eu\/cs\/wp-json\/wp\/v2\/posts\/1757\/revisions\/1766"}],"wp:featuredmedia":[{"embeddable":true,"href":"https:\/\/learngen.eu\/cs\/wp-json\/wp\/v2\/media\/1758"}],"wp:attachment":[{"href":"https:\/\/learngen.eu\/cs\/wp-json\/wp\/v2\/media?parent=1757"}],"wp:term":[{"taxonomy":"category","embeddable":true,"href":"https:\/\/learngen.eu\/cs\/wp-json\/wp\/v2\/categories?post=1757"},{"taxonomy":"post_tag","embeddable":true,"href":"https:\/\/learngen.eu\/cs\/wp-json\/wp\/v2\/tags?post=1757"}],"curies":[{"name":"wp","href":"https:\/\/api.w.org\/{rel}","templated":true}]}}