{"id":1538,"date":"2021-08-06T14:29:08","date_gmt":"2021-08-06T14:29:08","guid":{"rendered":"https:\/\/learngen.eu\/?p=1538"},"modified":"2021-08-06T14:29:33","modified_gmt":"2021-08-06T14:29:33","slug":"mentoring-a-reverzni-mentoring-muze-pomoci-mezigeneracnimu-uceni-nebo-prohloubit-vekovou-diskriminaci","status":"publish","type":"post","link":"https:\/\/learngen.eu\/cs\/2021\/08\/06\/mentoring-a-reverzni-mentoring-muze-pomoci-mezigeneracnimu-uceni-nebo-prohloubit-vekovou-diskriminaci\/","title":{"rendered":"Mentoring a reverzn\u00ed mentoring \u2013 m\u016f\u017ee pomoci mezigenera\u010dn\u00edmu u\u010den\u00ed nebo prohloubit v\u011bkovou diskriminaci?"},"content":{"rendered":"<div class=\"uk-padding-remove-top uk-section-default uk-section\" uk-scrollspy=\"target: [uk-scrollspy-class]; cls: uk-animation-fade; delay: 200;\">\n<div class=\"uk-container\">\n<div class=\"tm-grid-expand uk-child-width-1-1 uk-grid-margin uk-grid uk-grid-stack\" uk-grid=\"\">\n<div class=\"uk-first-column\">\n<h2 class=\"uk-h2 uk-scrollspy-inview uk-animation-fade\" uk-scrollspy-class=\"\" style=\"\">\n<p><strong>Mentoring a reverzn\u00ed mentoring \u2013 m\u016f\u017ee pomoci mezigenera\u010dn\u00edmu u\u010den\u00ed nebo prohloubit v\u011bkovou diskriminaci?<\/strong><\/p>\n<\/h2>\n<\/div>\n<\/div>\n<div class=\"tm-grid-expand uk-child-width-1-1 uk-grid-margin uk-grid uk-grid-stack\" uk-grid=\"\">\n<div class=\"uk-grid-item-match uk-flex-middle uk-first-column\">\n<div class=\"uk-panel uk-width-1-1\">\n<div class=\"uk-margin uk-text-center uk-scrollspy-inview uk-animation-fade\" uk-scrollspy-class=\"\" style=\"\">\n        <img decoding=\"async\" class=\"el-image\" alt=\"\" data-src=\"\/wp-content\/themes\/yootheme\/cache\/czimg-0898d67b.png\" data-srcset=\"\/wp-content\/themes\/yootheme\/cache\/czimg-0898d67b.png 300w, https:\/\/learngen.eu\/wp-admin\/admin-ajax.php?p=image&amp;action=kernel&amp;src=WyJ3cC1jb250ZW50XC91cGxvYWRzXC8yMDIxXC8wOFwvY3ppbWcucG5nIixbWyJkb1Jlc2l6ZSIsWzUwMCw1MDAsNTAwLDUwMF1dLFsiZG9Dcm9wIixbNTAwLDUwMCwwLDBdXV1d&amp;hash=a4cdeecf9e18068d186a09e8ef4f98ef 500w\" data-sizes=\"(min-width: 300px) 300px\" data-width=\"300\" data-height=\"300\" uk-img=\"\" src=\"https:\/\/learngen.eu\/wp-content\/themes\/yootheme\/cache\/czimg-0898d67b.png\" sizes=\"(min-width: 300px) 300px\" srcset=\"\/wp-content\/themes\/yootheme\/cache\/czimg-0898d67b.png 300w, https:\/\/learngen.eu\/wp-admin\/admin-ajax.php?p=image&amp;action=kernel&amp;src=WyJ3cC1jb250ZW50XC91cGxvYWRzXC8yMDIxXC8wOFwvY3ppbWcucG5nIixbWyJkb1Jlc2l6ZSIsWzUwMCw1MDAsNTAwLDUwMF1dLFsiZG9Dcm9wIixbNTAwLDUwMCwwLDBdXV1d&amp;hash=a4cdeecf9e18068d186a09e8ef4f98ef 500w\">    <\/p>\n<\/div>\n<div class=\"uk-panel uk-margin\" uk-scrollspy-class=\"\" style=\"visibility: hidden;\">\n<h3 style=\"color: #92d4cc;\">Co je to mentoring?<\/h3>\n<p>Mentoring je vlastn\u011b nesm\u00edrn\u011b starou, dalo by se \u0159\u00edct prvotn\u00ed formou u\u010den\u00ed. V\u011bt\u0161inou je zalo\u017een na vztahu dvou osob \u2013 star\u0161\u00ed a mlad\u0161\u00ed. Zat\u00edmco star\u0161\u00ed, \u201cmentor\u201d, p\u0159ed\u00e1v\u00e1 sv\u00e9 zku\u0161enosti, kontakty, \u010di pracovn\u00ed grify, mlad\u0161\u00ed (\u201cmentorovan\u00fd\u201d, \u201cu\u010de\u0148\u201d) bedliv\u011b pozoruje, pln\u00ed drobn\u00e9 pracovn\u00ed \u00fakoly a p\u0159edev\u0161\u00edm se u\u010d\u00ed (<em>P\u0159\u00edrodov\u011bdeck\u00e1 fakulta UK).<\/em><\/p>\n<p>Dle <a href=\"http:\/\/www.asociacementoringu.cz\/\">\u010cesk\u00e9 asociace mentoringu<\/a> je mentoring \u00fa\u010dinn\u00fd zp\u016fsob p\u0159ed\u00e1v\u00e1n\u00ed a rozvoje nejen odborn\u00fdch, ale i m\u011bkk\u00fdch dovednost\u00ed v\u010detn\u011b mana\u017eersk\u00fdch. Jde o profesion\u00e1ln\u00ed vztah dvou osob zalo\u017een\u00fd na d\u016fv\u011b\u0159e \u2013 mentora a mentee (mentorovan\u00e9ho), kdy mentor p\u0159ed\u00e1v\u00e1 sv\u00e9 zku\u0161enosti a znalosti a m\u016f\u017ee p\u016fsobit jako pr\u016fvodce menteeho v dan\u00e9m t\u00e9matu. D\u00edky p\u0159irozen\u00e9mu sd\u00edlen\u00ed znalost\u00ed a dovednost\u00ed, kter\u00e9 zpravidla prob\u00edh\u00e1 v praxi na pracovi\u0161ti, pom\u00e1h\u00e1 mentor nal\u00e9zt menteemu spr\u00e1vn\u00fd sm\u011br \u010di \u0159e\u0161en\u00ed. Tento proces prob\u00edh\u00e1 i obr\u00e1cen\u011b. A zde se setk\u00e1v\u00e1me s pojmem <strong>reverzn\u00ed mentoring<\/strong> (angl. reverse mentoring).<\/p>\n<h3 style=\"color: #92d4cc;\">Co je tedy reverzn\u00ed mentoring?<\/h3>\n<p>V kontextu pracovi\u0161t\u011b to znamen\u00e1, \u017ee je vedouc\u00ed pracovn\u00edk mentorov\u00e1n mlad\u0161\u00edm nebo juniorn\u011b postaven\u00fdm zam\u011bstnancem. Tento koncept zpochyb\u0148uje my\u0161lenku tradi\u010dn\u00edho mentoringu (tj. kdy\u017e si star\u0161\u00ed \/ zku\u0161en\u011bj\u0161\u00ed \u010dlov\u011bk vezme n\u011bkoho pod sv\u00e1 k\u0159\u00eddla) t\u00edm, \u017ee se zam\u011b\u0159uje na form\u00e1ln\u00ed vztah za \u00fa\u010delem sd\u00edlen\u00ed dovednost\u00ed a profesion\u00e1ln\u00edho rozvoje.<\/p>\n<p><strong>Jak\u00e9 zku\u0161enosti si mohou r\u016fzn\u00e9 generace navz\u00e1jem p\u0159ed\u00e1vat?<\/strong> Star\u0161\u00ed zam\u011bstnanci mohou mlad\u0161\u00ed generaci u\u010dit m\u011bkk\u00e9 a komunika\u010dn\u00ed dovednosti a zku\u0161enosti s veden\u00edm t\u00fdm\u016f. Mlad\u0161\u00ed kolegyn\u011b a kolegov\u00e9 mohou naopak p\u0159isp\u011bt sv\u00fdmi technologick\u00fdmi dovednostmi v\u010detn\u011b vyu\u017e\u00edv\u00e1n\u00ed soci\u00e1ln\u00edch s\u00edt\u00ed k osobn\u00edmu i profesn\u00edmu rozvoji jednotlivce i firmy. Reverzn\u00ed mentoring m\u016f\u017ee podpo\u0159it <strong>mezigenera\u010dn\u00ed u\u010den\u00ed<\/strong> na pracovi\u0161ti a t\u00edm i celou firemn\u00ed kulturu a atmosf\u00e9ru.&nbsp;<\/p>\n<h3 style=\"color: #92d4cc;\">A co je mezigenera\u010dn\u00ed u\u010den\u00ed?<\/h3>\n<p>Mezigenera\u010dn\u00ed u\u010den\u00ed je zp\u016fsob, jak\u00fdm se lid\u00e9 v\u0161ech v\u011bkov\u00fdch skupin mohou u\u010dit spole\u010dn\u011b a od sebe navz\u00e1jem. Mezigenera\u010dn\u00ed u\u010den\u00ed je d\u016fle\u017eitou sou\u010d\u00e1st\u00ed celo\u017eivotn\u00edho vzd\u011bl\u00e1v\u00e1n\u00ed, kde r\u016fzn\u00e9 generace spolupracuj\u00ed na z\u00edsk\u00e1v\u00e1n\u00ed dovednost\u00ed, hodnot a znalost\u00ed. (<a href=\"https:\/\/epale.ec.europa.eu\/en\/blog\/oer-role-intergenerational-learning-adult-education\"><em>Evropsk\u00e1 mapa mezigenera\u010dn\u00edho u\u010den\u00ed<\/em><\/a><em>). <\/em><\/p>\n<h3 style=\"color: #92d4cc;\">Reverzn\u00ed mentoring \u2013 pot\u00edr\u00e1n\u00ed \u010di podpora v\u011bkov\u00e9 diskriminace?<\/h3>\n<p>Pojem reverzn\u00ed mentoring m\u00e1 i sv\u00e9 otazn\u00edky. Nap\u0159\u00edklad auto\u0159i \u010dl\u00e1nku o reverzn\u00edm mentoringu z <a href=\"https:\/\/www.hrzone.com\/lead\/change\/its-time-to-get-rid-of-reverse-mentoring\">HR zone<\/a> varuj\u00ed p\u0159ed skryt\u00fdm biasem, kter\u00fd tento pojem m\u016f\u017ee na pracovi\u0161t\u011b p\u0159in\u00e9st. Bias rozd\u011blov\u00e1n\u00ed a vn\u00edm\u00e1n\u00ed lid\u00ed na pracovi\u0161ti pouze dle jejich v\u011bku \u010di seniority. A to by mohlo p\u0159isp\u00edvat k podpo\u0159e <a href=\"https:\/\/cs.motion-digital.eu\/post\/ageismus-na-pracovi%C5%A1ti-ve-sv%C4%9Bt%C4%9B-i-v-%C4%8Dech%C3%A1ch\">ageismu<\/a> (v\u011bkov\u00e9 diskriminaci), nikoliv jeho pot\u00edr\u00e1n\u00ed.<\/p>\n<p>Je tedy d\u016fle\u017eit\u00e9 mentoring \u010di reverzn\u00ed mentoring uchopit v\u011bdom\u011b a spr\u00e1vn\u011b tak, aby podpo\u0159il mezigenera\u010dn\u00ed u\u010den\u00ed a vz\u00e1jemnou d\u016fv\u011bru mezi v\u0161emi zam\u011bstnanci.<\/p>\n<p>Projekt LearnGen vytv\u00e1\u0159\u00ed materi\u00e1ly k t\u011bmto t\u00e9mat\u016fm, ve kter\u00fdch HR odbornice a odborn\u00edci mohou na\u010derpat informace, inspirace a strategie, jak mentoring, reverzn\u00ed mentoring a mezigenera\u010dn\u00ed u\u010den\u00ed zav\u00e9st do sv\u00e9 organizace tak, aby se co nejl\u00e9pe zamezilo v\u011bkov\u00e9 diskriminaci a aby byla podpo\u0159ena inkluze a pozitivn\u00ed atmosf\u00e9ra a spolupr\u00e1ce v\u0161ech lid\u00ed na pracovi\u0161ti.<\/p>\n<p><strong>Materi\u00e1ly LearnGen<\/strong> budou pro v\u0161echny odbornice a odborn\u00edky p\u0159\u00edstupn\u00e9 na <a href=\"https:\/\/learngen.eu\/\">online platform\u011b webu projektu <\/a>&nbsp;<strong>zdarma <\/strong>s finan\u010dn\u00ed podporou Evropsk\u00e9 komise.<\/p>\n<\/div><\/div>\n<\/div>\n<\/div>\n<div class=\"tm-grid-expand uk-grid-margin uk-grid\" uk-grid=\"\">\n<div class=\"uk-width-1-3@m uk-first-column\">\n<div class=\"uk-margin\" uk-scrollspy-class=\"\" style=\"visibility: hidden;\">\n        <img decoding=\"async\" class=\"el-image\" alt=\"\" data-src=\"\/wp-content\/themes\/yootheme\/cache\/czim2-d28727ff.png\" data-srcset=\"\/wp-content\/themes\/yootheme\/cache\/czim2-d28727ff.png 500w\" data-sizes=\"(min-width: 500px) 500px\" data-width=\"500\" data-height=\"500\" uk-img=\"\" src=\"data:image\/svg+xml;utf8,<svg xmlns=&quot;http:\/\/www.w3.org\/2000\/svg&quot; width=&quot;500&quot; height=&quot;500&quot;><\/svg>&#8222;>    <\/p>\n<\/div>\n<\/div>\n<div class=\"uk-width-2-3@m\">\n<div class=\"uk-panel uk-margin\" uk-scrollspy-class=\"\" style=\"visibility: hidden;\">\n<h3 style=\"color: #92d4cc;\">Zaj\u00edm\u00e1 n\u00e1s V\u00e1\u0161 odborn\u00fd n\u00e1zor na p\u0159ipravovan\u00e9 materi\u00e1ly!<\/h3>\n<p>Pokud se budete cht\u00edt zapojit do pilotu p\u0159ipravovan\u00e9ho \u0161kolen\u00ed v pr\u016fb\u011bhu z\u00e1\u0159\u00ed 2021, b\u00fdt mezi prvn\u00edmi, kdo do materi\u00e1l\u016f nahl\u00e9dnou a d\u00e1t n\u00e1m Va\u0161i expertn\u00ed zp\u011btnou vazbu, pros\u00edme, kontaktujte n\u00e1s: <a href=\"mailto:jana.kyriakou@motiondigital.eu\">jana.kyriakou@motiondigital.eu<\/a>.<\/p>\n<p>Sledujte <a href=\"https:\/\/learngen.eu\/\">web projektu <\/a>LearnGen a <a href=\"https:\/\/www.facebook.com\/learngeneu\">Facebook<\/a> str\u00e1nku LearnGen<\/p>\n<p>A tak\u00e9 <a href=\"https:\/\/www.facebook.com\/motiondigitaleu\">Facebook<\/a> a <a href=\"https:\/\/www.linkedin.com\/company\/motion-digital-eu\">Linkedin <\/a>str\u00e1nku <a href=\"https:\/\/cs.motion-digital.eu\/\">Motin Digital Eu<\/a><\/p>\n<p><em>Autor \u010dl\u00e1nku: Jana Kyriakou, Motion Digital, Czech Republic<\/em><\/p>\n<p><em>July 2021<\/em><\/p>\n<\/div>\n<div>\n<div class=\" widget-home widget-slider\" uk-slider=\"sets: true; autoplay: true ; autoplay-interval: 3000\">\n\n    \n    <div class=\"uk-position-relative uk-visible-toggle uk-margin\">\n\n        <ul class=\"uk-slider-items uk-grid uk-grid-match uk-child-width-1-1 uk-child-width-1-2@s uk-child-width-1-2@m uk-child-width-1-3@l uk-child-width-1-3@xl\">\n        \n            <li >\n\n                <div class=\"uk-panel uk-text-center\">\n\n                                        <a class=\"uk-position-cover uk-position-z-index\" href=\"https:\/\/learngen.eu\/cs\/2022\/12\/12\/valka-zacina-slovy\/\" title=\"V\u00e1lka za\u010d\u00edn\u00e1 slovy\"><\/a>\n                    \n                    \n                                        <div class=\"uk-text-center uk-margin uk-margin-remove-top\"><img decoding=\"async\" src=\"https:\/\/learngen.eu\/wp-content\/uploads\/2022\/12\/unnamed.jpg\" alt=\"V\u00e1lka za\u010d\u00edn\u00e1 slovy\"><\/div>\n                    \n                    \n                        \n                                                <h2 class=\"uk-h2 uk-margin-remove-top\">\n\n                                                            <a class=\"uk-link-reset\" href=\"https:\/\/learngen.eu\/cs\/2022\/12\/12\/valka-zacina-slovy\/\">V\u00e1lka za\u010d\u00edn\u00e1 slovy<\/a>\n                            \n                            \n                        <\/h2>\n                        \n                        \n                        \n                        \n                        \n                        \n                    \n                <\/div>\n\n            <\/li>\n\n        \n            <li >\n\n                <div class=\"uk-panel uk-text-center\">\n\n                                        <a class=\"uk-position-cover uk-position-z-index\" href=\"https:\/\/learngen.eu\/cs\/2022\/10\/13\/pozvanka-sila-rozmanitosti-na-pracovisti-workshopy-networking-posezeni-s-obcerstvenim\/\" title=\"Pozv\u00e1nka: S\u00edla rozmanitosti na pracovi\u0161ti &amp;#8211; workshopy, networking, posezen\u00ed s ob\u010derstven\u00edm\"><\/a>\n                    \n                    \n                                        <div class=\"uk-text-center uk-margin uk-margin-remove-top\"><img decoding=\"async\" src=\"https:\/\/learngen.eu\/wp-content\/uploads\/2022\/10\/unnamed.jpg\" alt=\"Pozv\u00e1nka: S\u00edla rozmanitosti na pracovi\u0161ti &#8211; workshopy, networking, posezen\u00ed s ob\u010derstven\u00edm\"><\/div>\n                    \n                    \n                        \n                                                <h2 class=\"uk-h2 uk-margin-remove-top\">\n\n                                                            <a class=\"uk-link-reset\" href=\"https:\/\/learngen.eu\/cs\/2022\/10\/13\/pozvanka-sila-rozmanitosti-na-pracovisti-workshopy-networking-posezeni-s-obcerstvenim\/\">Pozv\u00e1nka: S\u00edla rozmanitosti na pracovi\u0161ti &#8211; workshopy, networking, posezen\u00ed s ob\u010derstven\u00edm<\/a>\n                            \n                            \n                        <\/h2>\n                        \n                        \n                        \n                        \n                        \n                        \n                    \n                <\/div>\n\n            <\/li>\n\n        \n            <li >\n\n                <div class=\"uk-panel uk-text-center\">\n\n                                        <a class=\"uk-position-cover uk-position-z-index\" href=\"https:\/\/learngen.eu\/cs\/2022\/09\/05\/mentoring-v-praci-i-v-zivote-pilotni-skoleni-projektu-learngen\/\" title=\"Mentoring v pr\u00e1ci i v \u017eivot\u011b &amp;#8211; pilotn\u00ed \u0161kolen\u00ed projektu LearnGen\"><\/a>\n                    \n                    \n                                        <div class=\"uk-text-center uk-margin uk-margin-remove-top\"><img decoding=\"async\" src=\"https:\/\/learngen.eu\/wp-content\/uploads\/2022\/09\/unnamed-3.png\" alt=\"Mentoring v pr\u00e1ci i v \u017eivot\u011b &#8211; pilotn\u00ed \u0161kolen\u00ed projektu LearnGen\"><\/div>\n                    \n                    \n                        \n                                                <h2 class=\"uk-h2 uk-margin-remove-top\">\n\n                                                            <a class=\"uk-link-reset\" href=\"https:\/\/learngen.eu\/cs\/2022\/09\/05\/mentoring-v-praci-i-v-zivote-pilotni-skoleni-projektu-learngen\/\">Mentoring v pr\u00e1ci i v \u017eivot\u011b &#8211; pilotn\u00ed \u0161kolen\u00ed projektu LearnGen<\/a>\n                            \n                            \n                        <\/h2>\n                        \n                        \n                        \n                        \n                        \n                        \n                    \n                <\/div>\n\n            <\/li>\n\n        \n            <li >\n\n                <div class=\"uk-panel uk-text-center\">\n\n                                        <a class=\"uk-position-cover uk-position-z-index\" href=\"https:\/\/learngen.eu\/cs\/2022\/08\/02\/digitalni-a-medialni-gramotnost-je-na-pracovisti-nutnosti\/\" title=\"Digit\u00e1ln\u00ed a medi\u00e1ln\u00ed gramotnost je na pracovi\u0161ti nutnost\u00ed\"><\/a>\n                    \n                    \n                                        <div class=\"uk-text-center uk-margin uk-margin-remove-top\"><img decoding=\"async\" src=\"https:\/\/learngen.eu\/wp-content\/uploads\/2022\/08\/unnamed-1.jpg\" alt=\"Digit\u00e1ln\u00ed a medi\u00e1ln\u00ed gramotnost je na pracovi\u0161ti nutnost\u00ed\"><\/div>\n                    \n                    \n                        \n                                                <h2 class=\"uk-h2 uk-margin-remove-top\">\n\n                                                            <a class=\"uk-link-reset\" href=\"https:\/\/learngen.eu\/cs\/2022\/08\/02\/digitalni-a-medialni-gramotnost-je-na-pracovisti-nutnosti\/\">Digit\u00e1ln\u00ed a medi\u00e1ln\u00ed gramotnost je na pracovi\u0161ti nutnost\u00ed<\/a>\n                            \n                            \n                        <\/h2>\n                        \n                        \n                        \n                        \n                        \n                        \n                    \n                <\/div>\n\n            <\/li>\n\n        \n            <li >\n\n                <div class=\"uk-panel uk-text-center\">\n\n                                        <a class=\"uk-position-cover uk-position-z-index\" href=\"https:\/\/learngen.eu\/cs\/2022\/08\/02\/empatie-v-mentorskem-vztahu\/\" title=\"Empatie v mentorsk\u00e9m vztahu\"><\/a>\n                    \n                    \n                                        <div class=\"uk-text-center uk-margin uk-margin-remove-top\"><img decoding=\"async\" src=\"https:\/\/learngen.eu\/wp-content\/uploads\/2022\/08\/unnamed-2.png\" alt=\"Empatie v mentorsk\u00e9m vztahu\"><\/div>\n                    \n                    \n                        \n                                                <h2 class=\"uk-h2 uk-margin-remove-top\">\n\n                                                            <a class=\"uk-link-reset\" href=\"https:\/\/learngen.eu\/cs\/2022\/08\/02\/empatie-v-mentorskem-vztahu\/\">Empatie v mentorsk\u00e9m vztahu<\/a>\n                            \n                            \n                        <\/h2>\n                        \n                        \n                        \n                        \n                        \n                        \n                    \n                <\/div>\n\n            <\/li>\n\n        \n            <li >\n\n                <div class=\"uk-panel uk-text-center\">\n\n                                        <a class=\"uk-position-cover uk-position-z-index\" href=\"https:\/\/learngen.eu\/cs\/2022\/05\/11\/o-vekove-diverzite-a-praci-mistra-ceremonii-v-hr-s-marketou-pfleger\/\" title=\"O v\u011bkov\u00e9 diverzit\u011b a pr\u00e1ci \u201cmistra ceremoni\u00ed\u201d v HR  s Mark\u00e9tou Pfleger\"><\/a>\n                    \n                    \n                                        <div class=\"uk-text-center uk-margin uk-margin-remove-top\"><img decoding=\"async\" src=\"https:\/\/learngen.eu\/wp-content\/uploads\/2022\/05\/MarketaPflegerHeadshot.jpeg\" alt=\"O v\u011bkov\u00e9 diverzit\u011b a pr\u00e1ci \u201cmistra ceremoni\u00ed\u201d v HR  s Mark\u00e9tou Pfleger\"><\/div>\n                    \n                    \n                        \n                                                <h2 class=\"uk-h2 uk-margin-remove-top\">\n\n                                                            <a class=\"uk-link-reset\" href=\"https:\/\/learngen.eu\/cs\/2022\/05\/11\/o-vekove-diverzite-a-praci-mistra-ceremonii-v-hr-s-marketou-pfleger\/\">O v\u011bkov\u00e9 diverzit\u011b a pr\u00e1ci \u201cmistra ceremoni\u00ed\u201d v HR  s Mark\u00e9tou Pfleger<\/a>\n                            \n                            \n                        <\/h2>\n                        \n                        \n                        \n                        \n                        \n                        \n                    \n                <\/div>\n\n            <\/li>\n\n        \n            <li >\n\n                <div class=\"uk-panel uk-text-center\">\n\n                                        <a class=\"uk-position-cover uk-position-z-index\" href=\"https:\/\/learngen.eu\/cs\/2022\/02\/14\/jak-na-inkluzivni-komunikaci-v-psane-mluvene-i-vizualni-forme\/\" title=\"Jak na inkluzivn\u00ed komunikaci  v psan\u00e9, mluven\u00e9 i vizu\u00e1ln\u00ed form\u011b\"><\/a>\n                    \n                    \n                                        <div class=\"uk-text-center uk-margin uk-margin-remove-top\"><img decoding=\"async\" src=\"https:\/\/learngen.eu\/wp-content\/uploads\/2022\/02\/CZ222.png\" alt=\"Jak na inkluzivn\u00ed komunikaci  v psan\u00e9, mluven\u00e9 i vizu\u00e1ln\u00ed form\u011b\"><\/div>\n                    \n                    \n                        \n                                                <h2 class=\"uk-h2 uk-margin-remove-top\">\n\n                                                            <a class=\"uk-link-reset\" href=\"https:\/\/learngen.eu\/cs\/2022\/02\/14\/jak-na-inkluzivni-komunikaci-v-psane-mluvene-i-vizualni-forme\/\">Jak na inkluzivn\u00ed komunikaci  v psan\u00e9, mluven\u00e9 i vizu\u00e1ln\u00ed form\u011b<\/a>\n                            \n                            \n                        <\/h2>\n                        \n                        \n                        \n                        \n                        \n                        \n                    \n                <\/div>\n\n            <\/li>\n\n        \n            <li >\n\n                <div class=\"uk-panel uk-text-center\">\n\n                                        <a class=\"uk-position-cover uk-position-z-index\" href=\"https:\/\/learngen.eu\/cs\/2021\/12\/10\/vekova-rozmanitost-na-pracovisti-je-vyhoda-nikoliv-problem\/\" title=\"V\u011bkov\u00e1 rozmanitost na pracovi\u0161ti je v\u00fdhoda, nikoliv probl\u00e9m\"><\/a>\n                    \n                    \n                                        <div class=\"uk-text-center uk-margin uk-margin-remove-top\"><img decoding=\"async\" src=\"https:\/\/learngen.eu\/wp-content\/uploads\/2021\/12\/cz-november1.png\" alt=\"V\u011bkov\u00e1 rozmanitost na pracovi\u0161ti je v\u00fdhoda, nikoliv probl\u00e9m\"><\/div>\n                    \n                    \n                        \n                                                <h2 class=\"uk-h2 uk-margin-remove-top\">\n\n                                                            <a class=\"uk-link-reset\" href=\"https:\/\/learngen.eu\/cs\/2021\/12\/10\/vekova-rozmanitost-na-pracovisti-je-vyhoda-nikoliv-problem\/\">V\u011bkov\u00e1 rozmanitost na pracovi\u0161ti je v\u00fdhoda, nikoliv probl\u00e9m<\/a>\n                            \n                            \n                        <\/h2>\n                        \n                        \n                        \n                        \n                        \n                        \n                    \n                <\/div>\n\n            <\/li>\n\n        \n            <li >\n\n                <div class=\"uk-panel uk-text-center\">\n\n                                        <a class=\"uk-position-cover uk-position-z-index\" href=\"https:\/\/learngen.eu\/cs\/2021\/09\/23\/learngen-pozvanka-k-pilotnimu-skoleni-pro-hr-odbornikyce\/\" title=\"LearnGen: Pozv\u00e1nka k pilotn\u00edmu \u0161kolen\u00ed pro HR odborn\u00edky*ce\"><\/a>\n                    \n                    \n                                        <div class=\"uk-text-center uk-margin uk-margin-remove-top\"><img decoding=\"async\" src=\"https:\/\/learngen.eu\/wp-content\/uploads\/2021\/09\/artic-cz-sept.png\" alt=\"LearnGen: Pozv\u00e1nka k pilotn\u00edmu \u0161kolen\u00ed pro HR odborn\u00edky*ce\"><\/div>\n                    \n                    \n                        \n                                                <h2 class=\"uk-h2 uk-margin-remove-top\">\n\n                                                            <a class=\"uk-link-reset\" href=\"https:\/\/learngen.eu\/cs\/2021\/09\/23\/learngen-pozvanka-k-pilotnimu-skoleni-pro-hr-odbornikyce\/\">LearnGen: Pozv\u00e1nka k pilotn\u00edmu \u0161kolen\u00ed pro HR odborn\u00edky*ce<\/a>\n                            \n                            \n                        <\/h2>\n                        \n                        \n                        \n                        \n                        \n                        \n                    \n                <\/div>\n\n            <\/li>\n\n        \n            <li >\n\n                <div class=\"uk-panel uk-text-center\">\n\n                                        <a class=\"uk-position-cover uk-position-z-index\" href=\"https:\/\/learngen.eu\/cs\/2021\/08\/06\/mentoring-a-reverzni-mentoring-muze-pomoci-mezigeneracnimu-uceni-nebo-prohloubit-vekovou-diskriminaci\/\" title=\"Mentoring a reverzn\u00ed mentoring \u2013 m\u016f\u017ee pomoci mezigenera\u010dn\u00edmu u\u010den\u00ed nebo prohloubit v\u011bkovou diskriminaci?\"><\/a>\n                    \n                    \n                                        <div class=\"uk-text-center uk-margin uk-margin-remove-top\"><img decoding=\"async\" src=\"https:\/\/learngen.eu\/wp-content\/uploads\/2021\/08\/czimg.png\" alt=\"Mentoring a reverzn\u00ed mentoring \u2013 m\u016f\u017ee pomoci mezigenera\u010dn\u00edmu u\u010den\u00ed nebo prohloubit v\u011bkovou diskriminaci?\"><\/div>\n                    \n                    \n                        \n                                                <h2 class=\"uk-h2 uk-margin-remove-top\">\n\n                                                            <a class=\"uk-link-reset\" href=\"https:\/\/learngen.eu\/cs\/2021\/08\/06\/mentoring-a-reverzni-mentoring-muze-pomoci-mezigeneracnimu-uceni-nebo-prohloubit-vekovou-diskriminaci\/\">Mentoring a reverzn\u00ed mentoring \u2013 m\u016f\u017ee pomoci mezigenera\u010dn\u00edmu u\u010den\u00ed nebo prohloubit v\u011bkovou diskriminaci?<\/a>\n                            \n                            \n                        <\/h2>\n                        \n                        \n                        \n                        \n                        \n                        \n                    \n                <\/div>\n\n            <\/li>\n\n        \n            <li >\n\n                <div class=\"uk-panel uk-text-center\">\n\n                                        <a class=\"uk-position-cover uk-position-z-index\" href=\"https:\/\/learngen.eu\/cs\/2021\/06\/07\/ageismus-na-pracovisti-ve-svete-i-v-cechach\/\" title=\"Ageismus na pracovi\u0161ti  ve sv\u011bt\u011b i v \u010cech\u00e1ch\"><\/a>\n                    \n                    \n                                        <div class=\"uk-text-center uk-margin uk-margin-remove-top\"><img decoding=\"async\" src=\"https:\/\/learngen.eu\/wp-content\/uploads\/2021\/06\/pic1.jpg\" alt=\"Ageismus na pracovi\u0161ti  ve sv\u011bt\u011b i v \u010cech\u00e1ch\"><\/div>\n                    \n                    \n                        \n                                                <h2 class=\"uk-h2 uk-margin-remove-top\">\n\n                                                            <a class=\"uk-link-reset\" href=\"https:\/\/learngen.eu\/cs\/2021\/06\/07\/ageismus-na-pracovisti-ve-svete-i-v-cechach\/\">Ageismus na pracovi\u0161ti  ve sv\u011bt\u011b i v \u010cech\u00e1ch<\/a>\n                            \n                            \n                        <\/h2>\n                        \n                        \n                        \n                        \n                        \n                        \n                    \n                <\/div>\n\n            <\/li>\n\n        \n            <li >\n\n                <div class=\"uk-panel uk-text-center\">\n\n                                        <a class=\"uk-position-cover uk-position-z-index\" href=\"https:\/\/learngen.eu\/cs\/2021\/04\/09\/md-intro\/\" title=\"Motion Digital, kdo jsme a na\u0161e zapojen\u00ed do projektu LearnGen\"><\/a>\n                    \n                    \n                                        <div class=\"uk-text-center uk-margin uk-margin-remove-top\"><img decoding=\"async\" src=\"https:\/\/learngen.eu\/wp-content\/uploads\/2021\/03\/motion-digital.png\" alt=\"Motion Digital, kdo jsme a na\u0161e zapojen\u00ed do projektu LearnGen\"><\/div>\n                    \n                    \n                        \n                                                <h2 class=\"uk-h2 uk-margin-remove-top\">\n\n                                                            <a class=\"uk-link-reset\" href=\"https:\/\/learngen.eu\/cs\/2021\/04\/09\/md-intro\/\">Motion Digital, kdo jsme a na\u0161e zapojen\u00ed do projektu LearnGen<\/a>\n                            \n                            \n                        <\/h2>\n                        \n                        \n                        \n                        \n                        \n                        \n                    \n                <\/div>\n\n            <\/li>\n\n                <\/ul>\n\n        \n            \n                \n                    <a href=\"#\" class=\"uk-position-center-left uk-position-small uk-hidden-hover\" uk-slidenav-previous uk-slider-item=\"previous\"><\/a>\n                    <a href=\"#\" class=\"uk-position-center-right uk-position-small uk-hidden-hover\" uk-slidenav-next uk-slider-item=\"next\"><\/a>\n\n                \n            \n        \n    <\/div>\n\n    \n        <ul class=\"uk-slider-nav uk-dotnav uk-flex-center uk-margin-remove-bottom\"><\/ul>\n    \n    \n<\/div>\n<\/div>\n<\/div>\n<\/div><\/div>\n<\/div>\n","protected":false},"excerpt":{"rendered":"<p>Mentoring a reverzn\u00ed mentoring \u2013 m\u016f\u017ee pomoci mezigenera\u010dn\u00edmu u\u010den\u00ed nebo prohloubit v\u011bkovou diskriminaci? Co je to mentoring? Mentoring je vlastn\u011b&#8230;<\/p>\n","protected":false},"author":1,"featured_media":1524,"comment_status":"closed","ping_status":"closed","sticky":false,"template":"","format":"standard","meta":{"_acf_changed":false,"footnotes":""},"categories":[16],"tags":[],"class_list":["post-1538","post","type-post","status-publish","format-standard","has-post-thumbnail","hentry","category-news-cs"],"acf":[],"_links":{"self":[{"href":"https:\/\/learngen.eu\/cs\/wp-json\/wp\/v2\/posts\/1538","targetHints":{"allow":["GET"]}}],"collection":[{"href":"https:\/\/learngen.eu\/cs\/wp-json\/wp\/v2\/posts"}],"about":[{"href":"https:\/\/learngen.eu\/cs\/wp-json\/wp\/v2\/types\/post"}],"author":[{"embeddable":true,"href":"https:\/\/learngen.eu\/cs\/wp-json\/wp\/v2\/users\/1"}],"replies":[{"embeddable":true,"href":"https:\/\/learngen.eu\/cs\/wp-json\/wp\/v2\/comments?post=1538"}],"version-history":[{"count":1,"href":"https:\/\/learngen.eu\/cs\/wp-json\/wp\/v2\/posts\/1538\/revisions"}],"predecessor-version":[{"id":1539,"href":"https:\/\/learngen.eu\/cs\/wp-json\/wp\/v2\/posts\/1538\/revisions\/1539"}],"wp:featuredmedia":[{"embeddable":true,"href":"https:\/\/learngen.eu\/cs\/wp-json\/wp\/v2\/media\/1524"}],"wp:attachment":[{"href":"https:\/\/learngen.eu\/cs\/wp-json\/wp\/v2\/media?parent=1538"}],"wp:term":[{"taxonomy":"category","embeddable":true,"href":"https:\/\/learngen.eu\/cs\/wp-json\/wp\/v2\/categories?post=1538"},{"taxonomy":"post_tag","embeddable":true,"href":"https:\/\/learngen.eu\/cs\/wp-json\/wp\/v2\/tags?post=1538"}],"curies":[{"name":"wp","href":"https:\/\/api.w.org\/{rel}","templated":true}]}}