{"id":1344,"date":"2021-06-07T06:16:35","date_gmt":"2021-06-07T06:16:35","guid":{"rendered":"https:\/\/learngen.eu\/?p=1344"},"modified":"2021-06-07T06:17:22","modified_gmt":"2021-06-07T06:17:22","slug":"ageismus-na-pracovisti-ve-svete-i-v-cechach","status":"publish","type":"post","link":"https:\/\/learngen.eu\/cs\/2021\/06\/07\/ageismus-na-pracovisti-ve-svete-i-v-cechach\/","title":{"rendered":"Ageismus na pracovi\u0161ti  ve sv\u011bt\u011b i v \u010cech\u00e1ch"},"content":{"rendered":"<div class=\"uk-padding-remove-top uk-section-default uk-section\" uk-scrollspy=\"target: [uk-scrollspy-class]; cls: uk-animation-fade; delay: 200;\">\n<div class=\"uk-container\">\n<div class=\"tm-grid-expand uk-child-width-1-1 uk-grid-margin uk-grid uk-grid-stack\" uk-grid=\"\">\n<div class=\"uk-first-column\">\n<h2 class=\"uk-h2 uk-scrollspy-inview uk-animation-fade\" uk-scrollspy-class=\"\" style=\"\">        <strong>Ageismus na pracovi\u0161ti<br \/>\nve sv\u011bt\u011b i v \u010cech\u00e1ch<br \/>\n<\/strong>    <\/h2>\n<div class=\"uk-margin uk-text-center uk-scrollspy-inview uk-animation-fade\" uk-scrollspy-class=\"\" style=\"\">\n        <img decoding=\"async\" class=\"el-image\" alt=\"\" data-src=\"\/wp-content\/themes\/yootheme\/cache\/pic1-b466e0ba.jpeg\" data-srcset=\"\/wp-content\/themes\/yootheme\/cache\/pic1-b466e0ba.jpeg 490w\" data-sizes=\"(min-width: 490px) 490px\" data-width=\"490\" data-height=\"330\" uk-img=\"\" sizes=\"(min-width: 490px) 490px\" srcset=\"\/wp-content\/themes\/yootheme\/cache\/pic1-b466e0ba.jpeg 490w\" src=\"https:\/\/learngen.eu\/wp-content\/themes\/yootheme\/cache\/pic1-b466e0ba.jpeg\">    <\/p>\n<\/div>\n<div class=\"uk-panel uk-margin uk-scrollspy-inview uk-animation-fade\" uk-scrollspy-class=\"\" style=\"\">\n<h3 class=\"uk-text-color-third\">Co je to ageismus?<\/h3>\n<p>Pojem ageismus poprv\u00e9 pou\u017eil americk\u00fd psychiatr Robert Butler v roce 1968 v \u010dl\u00e1nku Washington Post v souvislosti se segrega\u010dn\u00ed bytovou politikou. V roce 1975 Butler ve sv\u00e9 knize \u201eWhy Survive? Being Old in America\u201c pojem rozpracov\u00e1v\u00e1 a v roce 1979 byl \u201eageismus\u201c poprv\u00e9 zahrnut do slovn\u00edku \u201eThe American Heritage Dictionary of the English Language\u201c. P\u016fvodn\u00ed a dodnes pravd\u011bpodobn\u011b nejroz\u0161\u00ed\u0159en\u011bj\u0161\u00ed definice ageismu hovo\u0159\u00ed o procesu systematick\u00e9ho stereotypizov\u00e1n\u00ed a diskriminace lid\u00ed pro jejich st\u00e1\u0159\u00ed (Butler 1975). Pojem b\u00fdv\u00e1 n\u011bkdy opisov\u00e1n synonymem \u201ev\u011bkov\u00e1 diskriminace\u201c nebo \u201ediskriminace na z\u00e1klad\u011b v\u011bku\u201c.<\/p>\n<p>Koncept ageismu se pomalu dost\u00e1v\u00e1 i do \u010desk\u00e9ho odborn\u00e9ho slovn\u00edku. Prvn\u00edm pokusem o komplexn\u011bj\u0161\u00ed p\u0159edstaven\u00ed fenom\u00e9nu v\u011bkov\u00e9 diskriminace v \u010desk\u00e9m kontextu je pr\u00e1ce <strong>Mgr. Lucie Vidovi\u0107ov\u00e9, Ph.D. <\/strong>(2005), kter\u00e1 definovala ageismus takto:<\/p>\n<p><strong>&nbsp;\u201cAgeismus \u2013 neboli v\u011bkov\u00e1 diskriminace je ideologie zalo\u017een\u00e1 na sd\u00edlen\u00e9m p\u0159esv\u011bd\u010den\u00ed o kvalitativn\u00ed nerovnosti jednotliv\u00fdch f\u00e1z\u00ed lidsk\u00e9ho \u017eivotn\u00edho cyklu. Projevuje se skrze proces systematick\u00e9, symbolick\u00e9 i re\u00e1ln\u00e9 stereotypizace a diskriminace osob a skupin na z\u00e1klad\u011b jejich chronologick\u00e9ho v\u011bku a\/nebo na jejich p\u0159\u00edslu\u0161nosti k ur\u010dit\u00e9 generaci.\u201c<\/strong><\/p>\n<h3 class=\"uk-text-color-third\">Ageismus na pracovi\u0161ti<\/h3>\n<p>Ageismus \u2013 stereotypy, p\u0159edsudky a diskriminace lid\u00ed na z\u00e1klad\u011b jejich v\u011bku \u2013 je v\u0161udyp\u0159\u00edtomn\u00fd a za\u017e\u00edvaj\u00ed jej <strong>mlad\u0161\u00ed i star\u0161\u00ed \u00fa\u010dastn\u00edci trhu pr\u00e1ce<\/strong>. Mnoho star\u0161\u00edch pracovn\u00edk\u016f \u010del\u00ed ageismu, kdy\u017e hledaj\u00ed nov\u00e1 pracovn\u00ed m\u00edsta, mo\u017enosti \u0161kolen\u00ed a kari\u00e9rn\u00ed rozvoj, nebo jsou tla\u010deni k odchodu do p\u0159ed\u010dasn\u00e9ho d\u016fchodu v dob\u011b ekonomick\u00e9 recese. Na individu\u00e1ln\u00ed \u00farovni se uk\u00e1zalo, \u017ee ageismus negativn\u011b ovliv\u0148uje zdrav\u00ed a pohodu a m\u016f\u017ee sn\u00ed\u017eit pr\u016fm\u011brnou d\u00e9lku \u017eivota a\u017e o 7,5 roku.<\/p>\n<p>Ageismus je n\u00e1kladn\u00fd jak pro zam\u011bstnavatele, tak pro zam\u011bstnance a pro spole\u010dnosti obecn\u011b. PricewaterhouseCoopers (PwC) ned\u00e1vno odhadl, \u017ee pokud by \u010dlensk\u00e9 zem\u011b Organizace pro hospod\u00e1\u0159skou spolupr\u00e1ci a rozvoj (OECD) zv\u00fd\u0161ily m\u00edru zam\u011bstnanosti osob star\u0161\u00edch 55 let tak, aby odpov\u00eddala m\u00ed\u0159e zam\u011bstnanosti Nov\u00e9ho Z\u00e9landu (kde je nejvy\u0161\u0161\u00ed), celkov\u00fd HDP OECD by se mohl dlouhodob\u011b zv\u00fd\u0161it o p\u0159ibli\u017en\u011b 3,5 bilionu USD (PwC 2018).<\/p>\n<h3 class=\"uk-text-color-third\">Pracovn\u00ed trh v \u010cesk\u00e9 republice<\/h3>\n<p>Vn\u00edm\u00e1n\u00ed chronologick\u00e9ho v\u011bku hraje na trhu pr\u00e1ce d\u016fle\u017eitou roli. Pr\u016fzkum mezi \u010desk\u00fdmi dosp\u011bl\u00fdmi ve v\u011bku 18\u201380 let v roce 2012 uk\u00e1zal, \u017ee mezi t\u011bmi, kte\u0159\u00ed maj\u00ed pocit, \u017ee jejich v\u011bk je b\u011bhem jejich pracovn\u00edho \u017eivota (79% vzorku v roce 2012) d\u016fle\u017eit\u00fd, v\u011bt\u0161ina m\u00e1 pocit, \u017ee jejich v\u011bk je rozhoduj\u00edc\u00edm faktorem p\u0159i p\u0159ij\u00edm\u00e1n\u00ed nebo propou\u0161t\u011bn\u00ed, \u0161kolen\u00ed, pov\u00fd\u0161en\u00ed nebo kdy\u017e se rozhoduje o v\u00fd\u0161i platu (obr\u00e1zek n\u00ed\u017ee).<\/p>\n<\/p>\n<h2>Vn\u00edm\u00e1n\u00ed st\u00e1\u0159\u00ed na trhu pr\u00e1ce, \u010cesk\u00e1 republika<\/h2>\n<p><img decoding=\"async\" loading=\"lazy\" src=\"https:\/\/learngen.eu\/wp-content\/uploads\/2021\/06\/pic2.png\" alt=\"\" class=\"aligncenter wp-image-1331 size-full\" srcset=\"https:\/\/learngen.eu\/wp-content\/uploads\/2021\/06\/pic2.png 1121w, https:\/\/learngen.eu\/wp-content\/uploads\/2021\/06\/pic2-300x85.png 300w, https:\/\/learngen.eu\/wp-content\/uploads\/2021\/06\/pic2-1024x289.png 1024w, https:\/\/learngen.eu\/wp-content\/uploads\/2021\/06\/pic2-768x216.png 768w\" sizes=\"auto, (max-width: 1121px) 100vw, 1121px\" width=\"1121\" height=\"316\"><\/p>\n<p style=\"text-align: left;\"><strong>&nbsp;&nbsp;&nbsp;&nbsp;&nbsp;&nbsp;&nbsp;&nbsp;&nbsp;&nbsp;&nbsp;&nbsp;&nbsp;&nbsp;&nbsp;&nbsp;&nbsp;&nbsp;&nbsp;&nbsp;&nbsp;&nbsp;&nbsp;&nbsp; V\u011bk nehraje&nbsp;&nbsp;&nbsp; V\u011bk hraje&nbsp;&nbsp;&nbsp;&nbsp;&nbsp;&nbsp;&nbsp;&nbsp;&nbsp;&nbsp;&nbsp;&nbsp;&nbsp;&nbsp;&nbsp;&nbsp;&nbsp;&nbsp;&nbsp;&nbsp;&nbsp; &nbsp;&nbsp;&nbsp;&nbsp; &nbsp; &nbsp; &nbsp; &nbsp; &nbsp; &nbsp; &nbsp; &nbsp; &nbsp;&nbsp; p\u0159i n\u00e1boru&nbsp;&nbsp;&nbsp;&nbsp;&nbsp;&nbsp;&nbsp;&nbsp; p\u0159i pro-&nbsp;&nbsp;&nbsp;&nbsp; &nbsp;&nbsp;&nbsp;&nbsp;&nbsp;&nbsp;&nbsp;&nbsp;&nbsp;&nbsp;&nbsp; dal\u0161\u00ed&nbsp;&nbsp;&nbsp; &nbsp;&nbsp;&nbsp; &nbsp;&nbsp;&nbsp;&nbsp;&nbsp;&nbsp;&nbsp;pov\u00fd\u0161en\u00ed&nbsp;&nbsp;&nbsp;&nbsp;&nbsp; v\u00fd\u0161e mzdy<\/strong><\/p>\n<p style=\"text-align: center;\"><strong>&nbsp;&nbsp;&nbsp; roli&nbsp;&nbsp;&nbsp;&nbsp;&nbsp; &nbsp;&nbsp; &nbsp;&nbsp;&nbsp;&nbsp;&nbsp;&nbsp;&nbsp;&nbsp;&nbsp;&nbsp;&nbsp;&nbsp; roli&nbsp;&nbsp;&nbsp;&nbsp;&nbsp;&nbsp;&nbsp;&nbsp;&nbsp;&nbsp;&nbsp;&nbsp;&nbsp;&nbsp;&nbsp;&nbsp;&nbsp;&nbsp;&nbsp;&nbsp;&nbsp;&nbsp;&nbsp;&nbsp;&nbsp;&nbsp;&nbsp;&nbsp;&nbsp;&nbsp;&nbsp;&nbsp;&nbsp;&nbsp;&nbsp;&nbsp;&nbsp;&nbsp;&nbsp;&nbsp;&nbsp;&nbsp;&nbsp;&nbsp;&nbsp;&nbsp;&nbsp;&nbsp;&nbsp;&nbsp;&nbsp;&nbsp;&nbsp;&nbsp;&nbsp;&nbsp;&nbsp; &nbsp;&nbsp;&nbsp; pou\u0161t\u011bn\u00ed&nbsp;&nbsp;&nbsp;&nbsp;&nbsp;&nbsp;&nbsp;&nbsp; \u0161kolen\u00ed<\/strong><\/p>\n<p style=\"text-align: center;\"><em>Zdroj: Vidovi\u0107ov\u00e1 2008: 169 (for 2003 &amp; 2007); Survey Ageismus 2012 for data for 2012. Reprezentativn\u00ed vzorek populace v \u010cesk\u00e9 republice, v\u011bk 18 \u2013 80 let. <\/em><\/p>\n<\/p>\n<\/p>\n<h3 class=\"uk-text-color-third\">V\u00fdzva Sv\u011btov\u00e9 zdravotnick\u00e9 organizace<\/h3>\n<p>Sv\u011btov\u00e1 zdravotnick\u00e1 organizace (WHO) vydala v b\u0159eznu 2021 <a href=\"https:\/\/www.who.int\/news\/item\/18-03-2021-ageism-is-a-global-challenge-un\">glob\u00e1ln\u00ed zpr\u00e1vu o Agesimu.<\/a><\/p>\n<p>Z t\u00e9to zpr\u00e1vy vypl\u00fdv\u00e1, \u017ee jak star\u0161\u00ed tak mlad\u0161\u00ed dosp\u011bl\u00ed jsou na pracovi\u0161ti \u010dasto znev\u00fdhodn\u011bni a p\u0159\u00edstup ke specializovan\u00e9mu v\u00fdcviku a vzd\u011bl\u00e1n\u00ed s v\u011bkem v\u00fdrazn\u011b kles\u00e1. Ageismus proti mlad\u00fdm lidem se projevuje v mnoha oblastech, jako je zam\u011bstnanost, zdrav\u00ed, bydlen\u00ed a politika, kde jsou hlasy mlad\u00fdch lid\u00ed \u010dasto pop\u00edr\u00e1ny nebo odm\u00edt\u00e1ny.<\/p>\n<p><img decoding=\"async\" loading=\"lazy\" src=\"https:\/\/learngen.eu\/wp-content\/uploads\/2021\/06\/pic3.png\" alt=\"\" class=\"alignright wp-image-1336 size-full\" srcset=\"https:\/\/learngen.eu\/wp-content\/uploads\/2021\/06\/pic3.png 768w, https:\/\/learngen.eu\/wp-content\/uploads\/2021\/06\/pic3-300x300.png 300w, https:\/\/learngen.eu\/wp-content\/uploads\/2021\/06\/pic3-150x150.png 150w\" sizes=\"auto, (max-width: 768px) 100vw, 768px\" width=\"768\" height=\"768\"><\/p>\n<p>Zpr\u00e1va konstatuje, \u017ee z\u00e1sady a z\u00e1kony, kter\u00e9 se zab\u00fdvaj\u00ed ageismem, vzd\u011bl\u00e1vac\u00ed aktivity, kter\u00e9 zvy\u0161uj\u00ed empatii a vyvracej\u00ed myln\u00e9 p\u0159edstavy, a mezigenera\u010dn\u00ed aktivity, kter\u00e9 sni\u017euj\u00ed p\u0159edsudky, pom\u00e1haj\u00ed sni\u017eovat ageismus.<\/p>\n<p>WHO vyz\u00fdv\u00e1 v\u0161echny zem\u011b a z\u00fa\u010dastn\u011bn\u00e9 strany, aby vyu\u017e\u00edvaly v\u011bdecky podlo\u017een\u00e9 strategie, zlep\u0161ovaly sb\u011br dat a v\u00fdzkum a spolupracovaly na vytvo\u0159en\u00ed hnut\u00ed, kter\u00e9 zm\u011bn\u00ed zp\u016fsob, jak\u00fdm mysl\u00edme, c\u00edt\u00edme a jedn\u00e1me ve vztahu k v\u011bku a st\u00e1rnut\u00ed, a napomohly&nbsp; tak pokroku v <strong><em>Dek\u00e1d\u011b zdrav\u00e9ho st\u00e1rnut\u00ed OSN .<\/em><\/strong><\/p>\n<p><em>&nbsp;<\/em><\/p>\n<p><em>\u201eAgeismus v\u016f\u010di mlad\u0161\u00edm a star\u0161\u00edm lidem je p\u0159evl\u00e1daj\u00edc\u00ed, neuzn\u00e1van\u00fd, nenapadnut\u00fd a m\u00e1 dalekos\u00e1hl\u00e9 d\u016fsledky pro na\u0161e ekonomiky a spole\u010dnosti,\u201c <\/em>uvedla Maria-Francesca Spatolisano, n\u00e1m\u011bstkyn\u011b gener\u00e1ln\u00ed tajemnice pro koordinaci politiky a meziagenturn\u00edch z\u00e1le\u017eitost\u00ed na oboru hospod\u00e1\u0159stv\u00ed a soci\u00e1ln\u00ed v\u011bc\u00ed. <strong><em>\u201cSpole\u010dn\u011b tomu m\u016f\u017eeme zabr\u00e1nit. P\u0159ipojte se k hnut\u00ed a bojujte proti ageismu. \u201c<\/em><\/strong><\/p>\n<\/p>\n<p>Autorka: Jana Kyriakou<\/p>\n<\/p>\n<p>Zdroje:<\/p>\n<p>&nbsp;<a href=\"https:\/\/www.ageismus.cz\/o-ageismu\">https:\/\/www.ageismus.cz\/o-ageismu<\/a><\/p>\n<p><a href=\"https:\/\/unece.org\/fileadmin\/DAM\/pau\/age\/Policy_briefs\/ECE-WG1-30.pdf\">https:\/\/unece.org\/fileadmin\/DAM\/pau\/age\/Policy_briefs\/ECE-WG1-30.pdf<\/a><\/p>\n<p><a href=\"https:\/\/www.who.int\/news\/item\/18-03-2021-ageism-is-a-global-challenge-un\">https:\/\/www.who.int\/news\/item\/18-03-2021-ageism-is-a-global-challenge-un<\/a><\/p>\n<\/div>\n<\/div>\n<\/div>\n<div class=\"tm-grid-expand uk-child-width-1-1 uk-grid-margin uk-grid uk-grid-stack\" uk-grid=\"\">\n<div class=\"uk-first-column\">\n<div class=\"uk-panel uk-margin\" uk-scrollspy-class=\"uk-animation-slide-bottom\" style=\"visibility: hidden;\">\n\n<div class=\" widget-home widget-slider\" uk-slider=\"sets: true; autoplay: true ; autoplay-interval: 3000\">\n\n    \n    <div class=\"uk-position-relative uk-visible-toggle uk-margin\">\n\n        <ul class=\"uk-slider-items uk-grid uk-grid-match uk-child-width-1-1 uk-child-width-1-2@s uk-child-width-1-2@m uk-child-width-1-3@l uk-child-width-1-3@xl\">\n        \n            <li >\n\n                <div class=\"uk-panel uk-text-center\">\n\n                                        <a class=\"uk-position-cover uk-position-z-index\" href=\"https:\/\/learngen.eu\/cs\/2022\/12\/12\/valka-zacina-slovy\/\" title=\"V\u00e1lka za\u010d\u00edn\u00e1 slovy\"><\/a>\n                    \n                    \n                                        <div class=\"uk-text-center uk-margin uk-margin-remove-top\"><img decoding=\"async\" src=\"https:\/\/learngen.eu\/wp-content\/uploads\/2022\/12\/unnamed.jpg\" alt=\"V\u00e1lka za\u010d\u00edn\u00e1 slovy\"><\/div>\n                    \n                    \n                        \n                                                <h2 class=\"uk-h2 uk-margin-remove-top\">\n\n                                                            <a class=\"uk-link-reset\" href=\"https:\/\/learngen.eu\/cs\/2022\/12\/12\/valka-zacina-slovy\/\">V\u00e1lka za\u010d\u00edn\u00e1 slovy<\/a>\n                            \n                            \n                        <\/h2>\n                        \n                        \n                        \n                        \n                        \n                        \n                    \n                <\/div>\n\n            <\/li>\n\n        \n            <li >\n\n                <div class=\"uk-panel uk-text-center\">\n\n                                        <a class=\"uk-position-cover uk-position-z-index\" href=\"https:\/\/learngen.eu\/cs\/2022\/10\/13\/pozvanka-sila-rozmanitosti-na-pracovisti-workshopy-networking-posezeni-s-obcerstvenim\/\" title=\"Pozv\u00e1nka: S\u00edla rozmanitosti na pracovi\u0161ti &amp;#8211; workshopy, networking, posezen\u00ed s ob\u010derstven\u00edm\"><\/a>\n                    \n                    \n                                        <div class=\"uk-text-center uk-margin uk-margin-remove-top\"><img decoding=\"async\" src=\"https:\/\/learngen.eu\/wp-content\/uploads\/2022\/10\/unnamed.jpg\" alt=\"Pozv\u00e1nka: S\u00edla rozmanitosti na pracovi\u0161ti &#8211; workshopy, networking, posezen\u00ed s ob\u010derstven\u00edm\"><\/div>\n                    \n                    \n                        \n                                                <h2 class=\"uk-h2 uk-margin-remove-top\">\n\n                                                            <a class=\"uk-link-reset\" href=\"https:\/\/learngen.eu\/cs\/2022\/10\/13\/pozvanka-sila-rozmanitosti-na-pracovisti-workshopy-networking-posezeni-s-obcerstvenim\/\">Pozv\u00e1nka: S\u00edla rozmanitosti na pracovi\u0161ti &#8211; workshopy, networking, posezen\u00ed s ob\u010derstven\u00edm<\/a>\n                            \n                            \n                        <\/h2>\n                        \n                        \n                        \n                        \n                        \n                        \n                    \n                <\/div>\n\n            <\/li>\n\n        \n            <li >\n\n                <div class=\"uk-panel uk-text-center\">\n\n                                        <a class=\"uk-position-cover uk-position-z-index\" href=\"https:\/\/learngen.eu\/cs\/2022\/09\/05\/mentoring-v-praci-i-v-zivote-pilotni-skoleni-projektu-learngen\/\" title=\"Mentoring v pr\u00e1ci i v \u017eivot\u011b &amp;#8211; pilotn\u00ed \u0161kolen\u00ed projektu LearnGen\"><\/a>\n                    \n                    \n                                        <div class=\"uk-text-center uk-margin uk-margin-remove-top\"><img decoding=\"async\" src=\"https:\/\/learngen.eu\/wp-content\/uploads\/2022\/09\/unnamed-3.png\" alt=\"Mentoring v pr\u00e1ci i v \u017eivot\u011b &#8211; pilotn\u00ed \u0161kolen\u00ed projektu LearnGen\"><\/div>\n                    \n                    \n                        \n                                                <h2 class=\"uk-h2 uk-margin-remove-top\">\n\n                                                            <a class=\"uk-link-reset\" href=\"https:\/\/learngen.eu\/cs\/2022\/09\/05\/mentoring-v-praci-i-v-zivote-pilotni-skoleni-projektu-learngen\/\">Mentoring v pr\u00e1ci i v \u017eivot\u011b &#8211; pilotn\u00ed \u0161kolen\u00ed projektu LearnGen<\/a>\n                            \n                            \n                        <\/h2>\n                        \n                        \n                        \n                        \n                        \n                        \n                    \n                <\/div>\n\n            <\/li>\n\n        \n            <li >\n\n                <div class=\"uk-panel uk-text-center\">\n\n                                        <a class=\"uk-position-cover uk-position-z-index\" href=\"https:\/\/learngen.eu\/cs\/2022\/08\/02\/digitalni-a-medialni-gramotnost-je-na-pracovisti-nutnosti\/\" title=\"Digit\u00e1ln\u00ed a medi\u00e1ln\u00ed gramotnost je na pracovi\u0161ti nutnost\u00ed\"><\/a>\n                    \n                    \n                                        <div class=\"uk-text-center uk-margin uk-margin-remove-top\"><img decoding=\"async\" src=\"https:\/\/learngen.eu\/wp-content\/uploads\/2022\/08\/unnamed-1.jpg\" alt=\"Digit\u00e1ln\u00ed a medi\u00e1ln\u00ed gramotnost je na pracovi\u0161ti nutnost\u00ed\"><\/div>\n                    \n                    \n                        \n                                                <h2 class=\"uk-h2 uk-margin-remove-top\">\n\n                                                            <a class=\"uk-link-reset\" href=\"https:\/\/learngen.eu\/cs\/2022\/08\/02\/digitalni-a-medialni-gramotnost-je-na-pracovisti-nutnosti\/\">Digit\u00e1ln\u00ed a medi\u00e1ln\u00ed gramotnost je na pracovi\u0161ti nutnost\u00ed<\/a>\n                            \n                            \n                        <\/h2>\n                        \n                        \n                        \n                        \n                        \n                        \n                    \n                <\/div>\n\n            <\/li>\n\n        \n            <li >\n\n                <div class=\"uk-panel uk-text-center\">\n\n                                        <a class=\"uk-position-cover uk-position-z-index\" href=\"https:\/\/learngen.eu\/cs\/2022\/08\/02\/empatie-v-mentorskem-vztahu\/\" title=\"Empatie v mentorsk\u00e9m vztahu\"><\/a>\n                    \n                    \n                                        <div class=\"uk-text-center uk-margin uk-margin-remove-top\"><img decoding=\"async\" src=\"https:\/\/learngen.eu\/wp-content\/uploads\/2022\/08\/unnamed-2.png\" alt=\"Empatie v mentorsk\u00e9m vztahu\"><\/div>\n                    \n                    \n                        \n                                                <h2 class=\"uk-h2 uk-margin-remove-top\">\n\n                                                            <a class=\"uk-link-reset\" href=\"https:\/\/learngen.eu\/cs\/2022\/08\/02\/empatie-v-mentorskem-vztahu\/\">Empatie v mentorsk\u00e9m vztahu<\/a>\n                            \n                            \n                        <\/h2>\n                        \n                        \n                        \n                        \n                        \n                        \n                    \n                <\/div>\n\n            <\/li>\n\n        \n            <li >\n\n                <div class=\"uk-panel uk-text-center\">\n\n                                        <a class=\"uk-position-cover uk-position-z-index\" href=\"https:\/\/learngen.eu\/cs\/2022\/05\/11\/o-vekove-diverzite-a-praci-mistra-ceremonii-v-hr-s-marketou-pfleger\/\" title=\"O v\u011bkov\u00e9 diverzit\u011b a pr\u00e1ci \u201cmistra ceremoni\u00ed\u201d v HR  s Mark\u00e9tou Pfleger\"><\/a>\n                    \n                    \n                                        <div class=\"uk-text-center uk-margin uk-margin-remove-top\"><img decoding=\"async\" src=\"https:\/\/learngen.eu\/wp-content\/uploads\/2022\/05\/MarketaPflegerHeadshot.jpeg\" alt=\"O v\u011bkov\u00e9 diverzit\u011b a pr\u00e1ci \u201cmistra ceremoni\u00ed\u201d v HR  s Mark\u00e9tou Pfleger\"><\/div>\n                    \n                    \n                        \n                                                <h2 class=\"uk-h2 uk-margin-remove-top\">\n\n                                                            <a class=\"uk-link-reset\" href=\"https:\/\/learngen.eu\/cs\/2022\/05\/11\/o-vekove-diverzite-a-praci-mistra-ceremonii-v-hr-s-marketou-pfleger\/\">O v\u011bkov\u00e9 diverzit\u011b a pr\u00e1ci \u201cmistra ceremoni\u00ed\u201d v HR  s Mark\u00e9tou Pfleger<\/a>\n                            \n                            \n                        <\/h2>\n                        \n                        \n                        \n                        \n                        \n                        \n                    \n                <\/div>\n\n            <\/li>\n\n        \n            <li >\n\n                <div class=\"uk-panel uk-text-center\">\n\n                                        <a class=\"uk-position-cover uk-position-z-index\" href=\"https:\/\/learngen.eu\/cs\/2022\/02\/14\/jak-na-inkluzivni-komunikaci-v-psane-mluvene-i-vizualni-forme\/\" title=\"Jak na inkluzivn\u00ed komunikaci  v psan\u00e9, mluven\u00e9 i vizu\u00e1ln\u00ed form\u011b\"><\/a>\n                    \n                    \n                                        <div class=\"uk-text-center uk-margin uk-margin-remove-top\"><img decoding=\"async\" src=\"https:\/\/learngen.eu\/wp-content\/uploads\/2022\/02\/CZ222.png\" alt=\"Jak na inkluzivn\u00ed komunikaci  v psan\u00e9, mluven\u00e9 i vizu\u00e1ln\u00ed form\u011b\"><\/div>\n                    \n                    \n                        \n                                                <h2 class=\"uk-h2 uk-margin-remove-top\">\n\n                                                            <a class=\"uk-link-reset\" href=\"https:\/\/learngen.eu\/cs\/2022\/02\/14\/jak-na-inkluzivni-komunikaci-v-psane-mluvene-i-vizualni-forme\/\">Jak na inkluzivn\u00ed komunikaci  v psan\u00e9, mluven\u00e9 i vizu\u00e1ln\u00ed form\u011b<\/a>\n                            \n                            \n                        <\/h2>\n                        \n                        \n                        \n                        \n                        \n                        \n                    \n                <\/div>\n\n            <\/li>\n\n        \n            <li >\n\n                <div class=\"uk-panel uk-text-center\">\n\n                                        <a class=\"uk-position-cover uk-position-z-index\" href=\"https:\/\/learngen.eu\/cs\/2021\/12\/10\/vekova-rozmanitost-na-pracovisti-je-vyhoda-nikoliv-problem\/\" title=\"V\u011bkov\u00e1 rozmanitost na pracovi\u0161ti je v\u00fdhoda, nikoliv probl\u00e9m\"><\/a>\n                    \n                    \n                                        <div class=\"uk-text-center uk-margin uk-margin-remove-top\"><img decoding=\"async\" src=\"https:\/\/learngen.eu\/wp-content\/uploads\/2021\/12\/cz-november1.png\" alt=\"V\u011bkov\u00e1 rozmanitost na pracovi\u0161ti je v\u00fdhoda, nikoliv probl\u00e9m\"><\/div>\n                    \n                    \n                        \n                                                <h2 class=\"uk-h2 uk-margin-remove-top\">\n\n                                                            <a class=\"uk-link-reset\" href=\"https:\/\/learngen.eu\/cs\/2021\/12\/10\/vekova-rozmanitost-na-pracovisti-je-vyhoda-nikoliv-problem\/\">V\u011bkov\u00e1 rozmanitost na pracovi\u0161ti je v\u00fdhoda, nikoliv probl\u00e9m<\/a>\n                            \n                            \n                        <\/h2>\n                        \n                        \n                        \n                        \n                        \n                        \n                    \n                <\/div>\n\n            <\/li>\n\n        \n            <li >\n\n                <div class=\"uk-panel uk-text-center\">\n\n                                        <a class=\"uk-position-cover uk-position-z-index\" href=\"https:\/\/learngen.eu\/cs\/2021\/09\/23\/learngen-pozvanka-k-pilotnimu-skoleni-pro-hr-odbornikyce\/\" title=\"LearnGen: Pozv\u00e1nka k pilotn\u00edmu \u0161kolen\u00ed pro HR odborn\u00edky*ce\"><\/a>\n                    \n                    \n                                        <div class=\"uk-text-center uk-margin uk-margin-remove-top\"><img decoding=\"async\" src=\"https:\/\/learngen.eu\/wp-content\/uploads\/2021\/09\/artic-cz-sept.png\" alt=\"LearnGen: Pozv\u00e1nka k pilotn\u00edmu \u0161kolen\u00ed pro HR odborn\u00edky*ce\"><\/div>\n                    \n                    \n                        \n                                                <h2 class=\"uk-h2 uk-margin-remove-top\">\n\n                                                            <a class=\"uk-link-reset\" href=\"https:\/\/learngen.eu\/cs\/2021\/09\/23\/learngen-pozvanka-k-pilotnimu-skoleni-pro-hr-odbornikyce\/\">LearnGen: Pozv\u00e1nka k pilotn\u00edmu \u0161kolen\u00ed pro HR odborn\u00edky*ce<\/a>\n                            \n                            \n                        <\/h2>\n                        \n                        \n                        \n                        \n                        \n                        \n                    \n                <\/div>\n\n            <\/li>\n\n        \n            <li >\n\n                <div class=\"uk-panel uk-text-center\">\n\n                                        <a class=\"uk-position-cover uk-position-z-index\" href=\"https:\/\/learngen.eu\/cs\/2021\/08\/06\/mentoring-a-reverzni-mentoring-muze-pomoci-mezigeneracnimu-uceni-nebo-prohloubit-vekovou-diskriminaci\/\" title=\"Mentoring a reverzn\u00ed mentoring \u2013 m\u016f\u017ee pomoci mezigenera\u010dn\u00edmu u\u010den\u00ed nebo prohloubit v\u011bkovou diskriminaci?\"><\/a>\n                    \n                    \n                                        <div class=\"uk-text-center uk-margin uk-margin-remove-top\"><img decoding=\"async\" src=\"https:\/\/learngen.eu\/wp-content\/uploads\/2021\/08\/czimg.png\" alt=\"Mentoring a reverzn\u00ed mentoring \u2013 m\u016f\u017ee pomoci mezigenera\u010dn\u00edmu u\u010den\u00ed nebo prohloubit v\u011bkovou diskriminaci?\"><\/div>\n                    \n                    \n                        \n                                                <h2 class=\"uk-h2 uk-margin-remove-top\">\n\n                                                            <a class=\"uk-link-reset\" href=\"https:\/\/learngen.eu\/cs\/2021\/08\/06\/mentoring-a-reverzni-mentoring-muze-pomoci-mezigeneracnimu-uceni-nebo-prohloubit-vekovou-diskriminaci\/\">Mentoring a reverzn\u00ed mentoring \u2013 m\u016f\u017ee pomoci mezigenera\u010dn\u00edmu u\u010den\u00ed nebo prohloubit v\u011bkovou diskriminaci?<\/a>\n                            \n                            \n                        <\/h2>\n                        \n                        \n                        \n                        \n                        \n                        \n                    \n                <\/div>\n\n            <\/li>\n\n        \n            <li >\n\n                <div class=\"uk-panel uk-text-center\">\n\n                                        <a class=\"uk-position-cover uk-position-z-index\" href=\"https:\/\/learngen.eu\/cs\/2021\/06\/07\/ageismus-na-pracovisti-ve-svete-i-v-cechach\/\" title=\"Ageismus na pracovi\u0161ti  ve sv\u011bt\u011b i v \u010cech\u00e1ch\"><\/a>\n                    \n                    \n                                        <div class=\"uk-text-center uk-margin uk-margin-remove-top\"><img decoding=\"async\" src=\"https:\/\/learngen.eu\/wp-content\/uploads\/2021\/06\/pic1.jpg\" alt=\"Ageismus na pracovi\u0161ti  ve sv\u011bt\u011b i v \u010cech\u00e1ch\"><\/div>\n                    \n                    \n                        \n                                                <h2 class=\"uk-h2 uk-margin-remove-top\">\n\n                                                            <a class=\"uk-link-reset\" href=\"https:\/\/learngen.eu\/cs\/2021\/06\/07\/ageismus-na-pracovisti-ve-svete-i-v-cechach\/\">Ageismus na pracovi\u0161ti  ve sv\u011bt\u011b i v \u010cech\u00e1ch<\/a>\n                            \n                            \n                        <\/h2>\n                        \n                        \n                        \n                        \n                        \n                        \n                    \n                <\/div>\n\n            <\/li>\n\n        \n            <li >\n\n                <div class=\"uk-panel uk-text-center\">\n\n                                        <a class=\"uk-position-cover uk-position-z-index\" href=\"https:\/\/learngen.eu\/cs\/2021\/04\/09\/md-intro\/\" title=\"Motion Digital, kdo jsme a na\u0161e zapojen\u00ed do projektu LearnGen\"><\/a>\n                    \n                    \n                                        <div class=\"uk-text-center uk-margin uk-margin-remove-top\"><img decoding=\"async\" src=\"https:\/\/learngen.eu\/wp-content\/uploads\/2021\/03\/motion-digital.png\" alt=\"Motion Digital, kdo jsme a na\u0161e zapojen\u00ed do projektu LearnGen\"><\/div>\n                    \n                    \n                        \n                                                <h2 class=\"uk-h2 uk-margin-remove-top\">\n\n                                                            <a class=\"uk-link-reset\" href=\"https:\/\/learngen.eu\/cs\/2021\/04\/09\/md-intro\/\">Motion Digital, kdo jsme a na\u0161e zapojen\u00ed do projektu LearnGen<\/a>\n                            \n                            \n                        <\/h2>\n                        \n                        \n                        \n                        \n                        \n                        \n                    \n                <\/div>\n\n            <\/li>\n\n                <\/ul>\n\n        \n            \n                \n                    <a href=\"#\" class=\"uk-position-center-left uk-position-small uk-hidden-hover\" uk-slidenav-previous uk-slider-item=\"previous\"><\/a>\n                    <a href=\"#\" class=\"uk-position-center-right uk-position-small uk-hidden-hover\" uk-slidenav-next uk-slider-item=\"next\"><\/a>\n\n                \n            \n        \n    <\/div>\n\n    \n        <ul class=\"uk-slider-nav uk-dotnav uk-flex-center uk-margin-remove-bottom\"><\/ul>\n    \n    \n<\/div>\n\n<\/div>\n<\/div>\n<\/div><\/div>\n<\/div>\n","protected":false},"excerpt":{"rendered":"<p>Ageismus na pracovi\u0161ti ve sv\u011bt\u011b i v \u010cech\u00e1ch Co je to ageismus? Pojem ageismus poprv\u00e9 pou\u017eil americk\u00fd psychiatr Robert Butler&#8230;<\/p>\n","protected":false},"author":1,"featured_media":1328,"comment_status":"closed","ping_status":"closed","sticky":false,"template":"","format":"standard","meta":{"_acf_changed":false,"footnotes":""},"categories":[16],"tags":[],"class_list":["post-1344","post","type-post","status-publish","format-standard","has-post-thumbnail","hentry","category-news-cs"],"acf":[],"_links":{"self":[{"href":"https:\/\/learngen.eu\/cs\/wp-json\/wp\/v2\/posts\/1344","targetHints":{"allow":["GET"]}}],"collection":[{"href":"https:\/\/learngen.eu\/cs\/wp-json\/wp\/v2\/posts"}],"about":[{"href":"https:\/\/learngen.eu\/cs\/wp-json\/wp\/v2\/types\/post"}],"author":[{"embeddable":true,"href":"https:\/\/learngen.eu\/cs\/wp-json\/wp\/v2\/users\/1"}],"replies":[{"embeddable":true,"href":"https:\/\/learngen.eu\/cs\/wp-json\/wp\/v2\/comments?post=1344"}],"version-history":[{"count":1,"href":"https:\/\/learngen.eu\/cs\/wp-json\/wp\/v2\/posts\/1344\/revisions"}],"predecessor-version":[{"id":1345,"href":"https:\/\/learngen.eu\/cs\/wp-json\/wp\/v2\/posts\/1344\/revisions\/1345"}],"wp:featuredmedia":[{"embeddable":true,"href":"https:\/\/learngen.eu\/cs\/wp-json\/wp\/v2\/media\/1328"}],"wp:attachment":[{"href":"https:\/\/learngen.eu\/cs\/wp-json\/wp\/v2\/media?parent=1344"}],"wp:term":[{"taxonomy":"category","embeddable":true,"href":"https:\/\/learngen.eu\/cs\/wp-json\/wp\/v2\/categories?post=1344"},{"taxonomy":"post_tag","embeddable":true,"href":"https:\/\/learngen.eu\/cs\/wp-json\/wp\/v2\/tags?post=1344"}],"curies":[{"name":"wp","href":"https:\/\/api.w.org\/{rel}","templated":true}]}}